{"id":3391,"date":"2024-08-28T18:50:18","date_gmt":"2024-08-28T17:50:18","guid":{"rendered":"https:\/\/mayor25.com\/noticias\/?p=3391"},"modified":"2026-03-24T12:17:11","modified_gmt":"2026-03-24T11:17:11","slug":"condecoraciones-guerras-carlistas-1","status":"publish","type":"post","link":"https:\/\/mayor25.com\/noticias\/condecoraciones-guerras-carlistas-1\/","title":{"rendered":"CONDECORACIONES DE LAS GUERRAS CARLISTAS 1\/2"},"content":{"rendered":"<p>Hoy queremos comentarles sobre un nuevo e interesant\u00edsimo libro acerca de las diferentes medallas y condecoraciones, en ambos bandos, del periodo de las Guerras Carlistas. Se trata del primero de 2 tomos y este cubre las de la Primera Guerra Carlista (1833 &#8211; 1840).<\/p>\n<p>Incluye narraciones de los hechos relacionados, unidades enfrentadas, an\u00e9cdotas y un estudio de los modelos y variantes de cada una de las piezas. Sus autores son D. Jaume Bogu\u00f1\u00e1, D. Antonio Belles y D. Joan Herrero, todos ellos con magn\u00edficas obras ya publicadas anteriormente.<\/p>\n<p><strong>El pr\u00f3logo es de D. Javier Nart, prestigioso periodista, escritor y pol\u00edtico e incluye im\u00e1genes de algunos cuadros de D. Augusto Ferrer-Dalmau, excepcional pintor de temas hist\u00f3ricos y de batallas.<\/strong><\/p>\n<p>Por primera vez, se muestran condecoraciones que hasta la fecha solo se conoc\u00edan mediante bocetos (medallas de Huesca y Barbastro), otras de las que se dudaba de su existencia (cruz de Maella) pero tambi\u00e9n, se muestran piezas completamente desconocidas hasta la fecha, tanto del bando liberal como del carlista.<\/p>\n<p><strong>La obra ha visto la luz a finales de junio de este a\u00f1o 2024.<\/strong><\/p>\n<p><strong>Consta de 602 p\u00e1ginas a color, texto biling\u00fce en espa\u00f1ol e ingl\u00e9s<\/strong>, este \u00faltimo en color azul, con tapa dura y en tama\u00f1o DIN A4 (210 x 297 mm). Estas medallas y condecoraciones no suelen ser piezas asequibles ni f\u00e1ciles de conseguir sino m\u00e1s bien muy caras y muy escasas.<\/p>\n<p>Es por esto que el poseer este cat\u00e1logo al menos nos va a permitir hacernos, \u201dde manera virtual\u201d, con una impresionante colecci\u00f3n y \u201cpoderlas tener a mano y muy cerca\u201d en nuestra propia biblioteca.<\/p>\n<p><strong>Un libro ideal tanto para coleccionistas como para amantes de la historia. <\/strong><\/p>\n<p>Por un precio tan asequible como <strong>85 euros<\/strong>, podr\u00e1n disfrutar de una excelente obra que merece realmente la pena.<\/p>\n<p>Lo pueden adquirir f\u00e1cilmente en Internet bien a trav\u00e9s de la tienda virtual del Sr. Belles en Todocolecci\u00f3n o bien a trav\u00e9s de otros diferentes medios. Nosotros incluso tenemos todav\u00eda alg\u00fan ejemplar aqu\u00ed en nuestra tienda de la calle Mayor de Madrid.<\/p>\n<p>Y esto ha sido todo por hoy. Un saludo muy cordial y hasta la pr\u00f3xima. \u00a1Gracias!<br \/>\n<center><iframe title=\"YouTube video player\" data-src=\"https:\/\/www.youtube.com\/embed\/EgSQ726sZEY?si=4Y_S6xQZ6IIn5GXq\" width=\"560\" height=\"315\" frameborder=\"0\" allowfullscreen=\"allowfullscreen\" src=\"data:image\/svg+xml;base64,PHN2ZyB3aWR0aD0iMSIgaGVpZ2h0PSIxIiB4bWxucz0iaHR0cDovL3d3dy53My5vcmcvMjAwMC9zdmciPjwvc3ZnPg==\" class=\"lazyload\" data-load-mode=\"1\"><\/iframe><\/center><\/p>\n<p style=\"text-align: center;\"><div class=\"su-box su-box-style-default\" id=\"\" style=\"border-color:#0051a2;border-radius:5px;max-width:none\"><div class=\"su-box-title\" style=\"background-color:#2e84d5;color:#FFFFFF;border-top-left-radius:3px;border-top-right-radius:3px\"> Numism\u00e1tica y coleccionismo- Mayor 25<\/div><div class=\"su-box-content su-u-clearfix su-u-trim\" style=\"border-bottom-left-radius:3px;border-bottom-right-radius:3px\">En la<strong> tienda Mayor 25<\/strong> somos expertos en todo tipo de objetos de colecci\u00f3n. Llevamos muchos a\u00f1os coleccionando monedas antiguas y de colecci\u00f3n. \u00a1Nos encantan!<\/p>\n<p style=\"text-align: left;\">En nuestra tienda numism\u00e1tica de Madrid ofrecemos los siguientes servicios relacionados:<\/p>\n<p style=\"text-align: center;\"><div class=\"su-list\" style=\"margin-left:0px\">\n<ul>\n<li><i class=\"sui sui-check-square-o\" style=\"color:#557def\"><\/i> Compraventa de monedas antiguas (nacionales e internacionales).<\/li>\n<li><i class=\"sui sui-check-square-o\" style=\"color:#557def\"><\/i> <strong>Compraventa de monedas de plata y de oro.<\/strong><\/li>\n<li><i class=\"sui sui-check-square-o\" style=\"color:#557def\"><\/i> Valoramos colecciones de monedas y de billetes.<\/li>\n<li><i class=\"sui sui-check-square-o\" style=\"color:#557def\"><\/i> Compraventa de condecoraciones.<\/li>\n<li><i class=\"sui sui-check-square-o\" style=\"color:#557def\"><\/i> Compraventa de medallas.<\/li>\n<li><i class=\"sui sui-check-square-o\" style=\"color:#557def\"><\/i> Compraventa de relojes de colecci\u00f3n.<\/li>\n<\/ul>\n<p style=\"text-align: center;\"><\/div>\n<p style=\"text-align: left;\">Nos encontramos\u00a0en la <span style=\"text-decoration: underline;\">Calle Mayor 25<\/span>, Madrid. Si necesita m\u00e1s informaci\u00f3n acerca de nuestros servicios de compraventa\u00a0puede visitarnos directamente en la tienda,\u00a0o bien puede llamarnos al siguiente <span style=\"text-decoration: underline;\">n\u00famero de tel\u00e9fono<\/span>:<\/p>\n<p style=\"text-align: center;\">\u00a1Ser\u00e1 un placer atenderle personalmente!<\/p>\n<p style=\"text-align: center;\"><div class=\"su-button-center\"><a href=\"tel:913641025\" class=\"su-button su-button-style-soft\" style=\"color:#FFFFFF;background-color:#efa32d;border-color:#c08324;border-radius:40px\" target=\"_self\" title=\"Tel\u00e9fono Mayor 25\"><span style=\"color:#FFFFFF;padding:7px 20px;font-size:16px;line-height:24px;border-color:#f4bf6c;border-radius:40px;text-shadow:none\"><i class=\"sui sui-hand-o-right\" style=\"font-size:16px;color:#FFFFFF\"><\/i> 913641025<\/span><\/a><\/div>\n<\/div><\/div>\n","protected":false},"excerpt":{"rendered":"<p>Hoy queremos comentarles sobre un nuevo e interesant\u00edsimo libro acerca de las diferentes medallas y condecoraciones, en ambos bandos, del periodo de las Guerras Carlistas. Se trata del primero de 2 tomos y este cubre las de la Primera Guerra Carlista (1833 &#8211; 1840). Incluye narraciones de los hechos relacionados, unidades enfrentadas, an\u00e9cdotas y un [&hellip;]<\/p>\n","protected":false},"author":2,"featured_media":3392,"comment_status":"closed","ping_status":"open","sticky":false,"template":"","format":"standard","meta":{"footnotes":""},"categories":[3],"tags":[],"class_list":["post-3391","post","type-post","status-publish","format-standard","has-post-thumbnail","hentry","category-historia-numismatica"],"yoast_head":"<!-- This site is optimized with the Yoast SEO plugin v27.5 - https:\/\/yoast.com\/product\/yoast-seo-wordpress\/ -->\n<title>CONDECORACIONES DE LAS GUERRAS CARLISTAS 1\/2 - Noticias Numism\u00e1ticas - Tienda Mayor 25<\/title>\n<meta name=\"robots\" content=\"index, follow, max-snippet:-1, max-image-preview:large, max-video-preview:-1\" \/>\n<link rel=\"canonical\" href=\"https:\/\/mayor25.com\/noticias\/condecoraciones-guerras-carlistas-1\/\" \/>\n<meta property=\"og:locale\" content=\"es_ES\" \/>\n<meta property=\"og:type\" content=\"article\" \/>\n<meta property=\"og:title\" content=\"CONDECORACIONES DE LAS GUERRAS CARLISTAS 1\/2 - Noticias Numism\u00e1ticas - Tienda Mayor 25\" \/>\n<meta property=\"og:description\" content=\"Hoy queremos comentarles sobre un nuevo e interesant\u00edsimo libro acerca de las diferentes medallas y condecoraciones, en ambos bandos, del periodo de las Guerras Carlistas. Se trata del primero de 2 tomos y este cubre las de la Primera Guerra Carlista (1833 &#8211; 1840). Incluye narraciones de los hechos relacionados, unidades enfrentadas, an\u00e9cdotas y un [&hellip;]\" \/>\n<meta property=\"og:url\" content=\"https:\/\/mayor25.com\/noticias\/condecoraciones-guerras-carlistas-1\/\" \/>\n<meta property=\"og:site_name\" content=\"Noticias Numism\u00e1ticas - Tienda Mayor 25\" \/>\n<meta property=\"article:published_time\" content=\"2024-08-28T17:50:18+00:00\" \/>\n<meta property=\"article:modified_time\" content=\"2026-03-24T11:17:11+00:00\" \/>\n<meta property=\"og:image\" content=\"http:\/\/mayor25.com\/noticias\/wp-content\/uploads\/CONDECORACIONES-DE-LAS-GUERRAS-CARLISTAS.jpg\" \/>\n\t<meta property=\"og:image:width\" content=\"465\" \/>\n\t<meta property=\"og:image:height\" content=\"421\" \/>\n\t<meta property=\"og:image:type\" content=\"image\/jpeg\" \/>\n<meta name=\"author\" content=\"Numism\u00e1tica Mayor 25\" \/>\n<meta name=\"twitter:card\" content=\"summary_large_image\" \/>\n<meta name=\"twitter:label1\" content=\"Escrito por\" \/>\n\t<meta name=\"twitter:data1\" content=\"Numism\u00e1tica Mayor 25\" \/>\n\t<meta name=\"twitter:label2\" content=\"Tiempo de lectura\" \/>\n\t<meta name=\"twitter:data2\" content=\"3 minutos\" \/>\n<script type=\"application\/ld+json\" class=\"yoast-schema-graph\">{\"@context\":\"https:\\\/\\\/schema.org\",\"@graph\":[{\"@type\":\"Article\",\"@id\":\"https:\\\/\\\/mayor25.com\\\/noticias\\\/condecoraciones-guerras-carlistas-1\\\/#article\",\"isPartOf\":{\"@id\":\"https:\\\/\\\/mayor25.com\\\/noticias\\\/condecoraciones-guerras-carlistas-1\\\/\"},\"author\":{\"name\":\"Numism\u00e1tica Mayor 25\",\"@id\":\"https:\\\/\\\/mayor25.com\\\/noticias\\\/#\\\/schema\\\/person\\\/70210fffbc6c73f76adf074e9d35db05\"},\"headline\":\"CONDECORACIONES DE LAS GUERRAS CARLISTAS 1\\\/2\",\"datePublished\":\"2024-08-28T17:50:18+00:00\",\"dateModified\":\"2026-03-24T11:17:11+00:00\",\"mainEntityOfPage\":{\"@id\":\"https:\\\/\\\/mayor25.com\\\/noticias\\\/condecoraciones-guerras-carlistas-1\\\/\"},\"wordCount\":540,\"image\":{\"@id\":\"https:\\\/\\\/mayor25.com\\\/noticias\\\/condecoraciones-guerras-carlistas-1\\\/#primaryimage\"},\"thumbnailUrl\":\"https:\\\/\\\/mayor25.com\\\/noticias\\\/wp-content\\\/uploads\\\/CONDECORACIONES-DE-LAS-GUERRAS-CARLISTAS.jpg\",\"articleSection\":[\"Historia y Numism\u00e1tica\"],\"inLanguage\":\"es\"},{\"@type\":\"WebPage\",\"@id\":\"https:\\\/\\\/mayor25.com\\\/noticias\\\/condecoraciones-guerras-carlistas-1\\\/\",\"url\":\"https:\\\/\\\/mayor25.com\\\/noticias\\\/condecoraciones-guerras-carlistas-1\\\/\",\"name\":\"CONDECORACIONES DE LAS GUERRAS CARLISTAS 1\\\/2 - Noticias Numism\u00e1ticas - Tienda Mayor 25\",\"isPartOf\":{\"@id\":\"https:\\\/\\\/mayor25.com\\\/noticias\\\/#website\"},\"primaryImageOfPage\":{\"@id\":\"https:\\\/\\\/mayor25.com\\\/noticias\\\/condecoraciones-guerras-carlistas-1\\\/#primaryimage\"},\"image\":{\"@id\":\"https:\\\/\\\/mayor25.com\\\/noticias\\\/condecoraciones-guerras-carlistas-1\\\/#primaryimage\"},\"thumbnailUrl\":\"https:\\\/\\\/mayor25.com\\\/noticias\\\/wp-content\\\/uploads\\\/CONDECORACIONES-DE-LAS-GUERRAS-CARLISTAS.jpg\",\"datePublished\":\"2024-08-28T17:50:18+00:00\",\"dateModified\":\"2026-03-24T11:17:11+00:00\",\"author\":{\"@id\":\"https:\\\/\\\/mayor25.com\\\/noticias\\\/#\\\/schema\\\/person\\\/70210fffbc6c73f76adf074e9d35db05\"},\"breadcrumb\":{\"@id\":\"https:\\\/\\\/mayor25.com\\\/noticias\\\/condecoraciones-guerras-carlistas-1\\\/#breadcrumb\"},\"inLanguage\":\"es\",\"potentialAction\":[{\"@type\":\"ReadAction\",\"target\":[\"https:\\\/\\\/mayor25.com\\\/noticias\\\/condecoraciones-guerras-carlistas-1\\\/\"]}]},{\"@type\":\"ImageObject\",\"inLanguage\":\"es\",\"@id\":\"https:\\\/\\\/mayor25.com\\\/noticias\\\/condecoraciones-guerras-carlistas-1\\\/#primaryimage\",\"url\":\"https:\\\/\\\/mayor25.com\\\/noticias\\\/wp-content\\\/uploads\\\/CONDECORACIONES-DE-LAS-GUERRAS-CARLISTAS.jpg\",\"contentUrl\":\"https:\\\/\\\/mayor25.com\\\/noticias\\\/wp-content\\\/uploads\\\/CONDECORACIONES-DE-LAS-GUERRAS-CARLISTAS.jpg\",\"width\":465,\"height\":421},{\"@type\":\"BreadcrumbList\",\"@id\":\"https:\\\/\\\/mayor25.com\\\/noticias\\\/condecoraciones-guerras-carlistas-1\\\/#breadcrumb\",\"itemListElement\":[{\"@type\":\"ListItem\",\"position\":1,\"name\":\"Portada\",\"item\":\"https:\\\/\\\/mayor25.com\\\/noticias\\\/\"},{\"@type\":\"ListItem\",\"position\":2,\"name\":\"CONDECORACIONES DE LAS GUERRAS CARLISTAS 1\\\/2\"}]},{\"@type\":\"WebSite\",\"@id\":\"https:\\\/\\\/mayor25.com\\\/noticias\\\/#website\",\"url\":\"https:\\\/\\\/mayor25.com\\\/noticias\\\/\",\"name\":\"Noticias Numism\u00e1ticas - Tienda Mayor 25\",\"description\":\"Tienda Numism\u00e1tica en Madrid\",\"potentialAction\":[{\"@type\":\"SearchAction\",\"target\":{\"@type\":\"EntryPoint\",\"urlTemplate\":\"https:\\\/\\\/mayor25.com\\\/noticias\\\/?s={search_term_string}\"},\"query-input\":{\"@type\":\"PropertyValueSpecification\",\"valueRequired\":true,\"valueName\":\"search_term_string\"}}],\"inLanguage\":\"es\"},{\"@type\":\"Person\",\"@id\":\"https:\\\/\\\/mayor25.com\\\/noticias\\\/#\\\/schema\\\/person\\\/70210fffbc6c73f76adf074e9d35db05\",\"name\":\"Numism\u00e1tica Mayor 25\",\"image\":{\"@type\":\"ImageObject\",\"inLanguage\":\"es\",\"@id\":\"https:\\\/\\\/secure.gravatar.com\\\/avatar\\\/604b41163859278eacd7e05c6a3bef95b7d1c2b94d03c8aa1e99c906adde8c2c?s=96&d=mm&r=g\",\"url\":\"https:\\\/\\\/secure.gravatar.com\\\/avatar\\\/604b41163859278eacd7e05c6a3bef95b7d1c2b94d03c8aa1e99c906adde8c2c?s=96&d=mm&r=g\",\"contentUrl\":\"https:\\\/\\\/secure.gravatar.com\\\/avatar\\\/604b41163859278eacd7e05c6a3bef95b7d1c2b94d03c8aa1e99c906adde8c2c?s=96&d=mm&r=g\",\"caption\":\"Numism\u00e1tica Mayor 25\"},\"url\":\"https:\\\/\\\/mayor25.com\\\/noticias\\\/author\\\/adminmayor25\\\/\"}]}<\/script>\n<!-- \/ Yoast SEO plugin. -->","yoast_head_json":{"title":"CONDECORACIONES DE LAS GUERRAS CARLISTAS 1\/2 - Noticias Numism\u00e1ticas - Tienda Mayor 25","robots":{"index":"index","follow":"follow","max-snippet":"max-snippet:-1","max-image-preview":"max-image-preview:large","max-video-preview":"max-video-preview:-1"},"canonical":"https:\/\/mayor25.com\/noticias\/condecoraciones-guerras-carlistas-1\/","og_locale":"es_ES","og_type":"article","og_title":"CONDECORACIONES DE LAS GUERRAS CARLISTAS 1\/2 - Noticias Numism\u00e1ticas - Tienda Mayor 25","og_description":"Hoy queremos comentarles sobre un nuevo e interesant\u00edsimo libro acerca de las diferentes medallas y condecoraciones, en ambos bandos, del periodo de las Guerras Carlistas. Se trata del primero de 2 tomos y este cubre las de la Primera Guerra Carlista (1833 &#8211; 1840). Incluye narraciones de los hechos relacionados, unidades enfrentadas, an\u00e9cdotas y un [&hellip;]","og_url":"https:\/\/mayor25.com\/noticias\/condecoraciones-guerras-carlistas-1\/","og_site_name":"Noticias Numism\u00e1ticas - Tienda Mayor 25","article_published_time":"2024-08-28T17:50:18+00:00","article_modified_time":"2026-03-24T11:17:11+00:00","og_image":[{"width":465,"height":421,"url":"http:\/\/mayor25.com\/noticias\/wp-content\/uploads\/CONDECORACIONES-DE-LAS-GUERRAS-CARLISTAS.jpg","type":"image\/jpeg"}],"author":"Numism\u00e1tica Mayor 25","twitter_card":"summary_large_image","twitter_misc":{"Escrito por":"Numism\u00e1tica Mayor 25","Tiempo de lectura":"3 minutos"},"schema":{"@context":"https:\/\/schema.org","@graph":[{"@type":"Article","@id":"https:\/\/mayor25.com\/noticias\/condecoraciones-guerras-carlistas-1\/#article","isPartOf":{"@id":"https:\/\/mayor25.com\/noticias\/condecoraciones-guerras-carlistas-1\/"},"author":{"name":"Numism\u00e1tica Mayor 25","@id":"https:\/\/mayor25.com\/noticias\/#\/schema\/person\/70210fffbc6c73f76adf074e9d35db05"},"headline":"CONDECORACIONES DE LAS GUERRAS CARLISTAS 1\/2","datePublished":"2024-08-28T17:50:18+00:00","dateModified":"2026-03-24T11:17:11+00:00","mainEntityOfPage":{"@id":"https:\/\/mayor25.com\/noticias\/condecoraciones-guerras-carlistas-1\/"},"wordCount":540,"image":{"@id":"https:\/\/mayor25.com\/noticias\/condecoraciones-guerras-carlistas-1\/#primaryimage"},"thumbnailUrl":"https:\/\/mayor25.com\/noticias\/wp-content\/uploads\/CONDECORACIONES-DE-LAS-GUERRAS-CARLISTAS.jpg","articleSection":["Historia y Numism\u00e1tica"],"inLanguage":"es"},{"@type":"WebPage","@id":"https:\/\/mayor25.com\/noticias\/condecoraciones-guerras-carlistas-1\/","url":"https:\/\/mayor25.com\/noticias\/condecoraciones-guerras-carlistas-1\/","name":"CONDECORACIONES DE LAS GUERRAS CARLISTAS 1\/2 - Noticias Numism\u00e1ticas - Tienda Mayor 25","isPartOf":{"@id":"https:\/\/mayor25.com\/noticias\/#website"},"primaryImageOfPage":{"@id":"https:\/\/mayor25.com\/noticias\/condecoraciones-guerras-carlistas-1\/#primaryimage"},"image":{"@id":"https:\/\/mayor25.com\/noticias\/condecoraciones-guerras-carlistas-1\/#primaryimage"},"thumbnailUrl":"https:\/\/mayor25.com\/noticias\/wp-content\/uploads\/CONDECORACIONES-DE-LAS-GUERRAS-CARLISTAS.jpg","datePublished":"2024-08-28T17:50:18+00:00","dateModified":"2026-03-24T11:17:11+00:00","author":{"@id":"https:\/\/mayor25.com\/noticias\/#\/schema\/person\/70210fffbc6c73f76adf074e9d35db05"},"breadcrumb":{"@id":"https:\/\/mayor25.com\/noticias\/condecoraciones-guerras-carlistas-1\/#breadcrumb"},"inLanguage":"es","potentialAction":[{"@type":"ReadAction","target":["https:\/\/mayor25.com\/noticias\/condecoraciones-guerras-carlistas-1\/"]}]},{"@type":"ImageObject","inLanguage":"es","@id":"https:\/\/mayor25.com\/noticias\/condecoraciones-guerras-carlistas-1\/#primaryimage","url":"https:\/\/mayor25.com\/noticias\/wp-content\/uploads\/CONDECORACIONES-DE-LAS-GUERRAS-CARLISTAS.jpg","contentUrl":"https:\/\/mayor25.com\/noticias\/wp-content\/uploads\/CONDECORACIONES-DE-LAS-GUERRAS-CARLISTAS.jpg","width":465,"height":421},{"@type":"BreadcrumbList","@id":"https:\/\/mayor25.com\/noticias\/condecoraciones-guerras-carlistas-1\/#breadcrumb","itemListElement":[{"@type":"ListItem","position":1,"name":"Portada","item":"https:\/\/mayor25.com\/noticias\/"},{"@type":"ListItem","position":2,"name":"CONDECORACIONES DE LAS GUERRAS CARLISTAS 1\/2"}]},{"@type":"WebSite","@id":"https:\/\/mayor25.com\/noticias\/#website","url":"https:\/\/mayor25.com\/noticias\/","name":"Noticias Numism\u00e1ticas - Tienda Mayor 25","description":"Tienda Numism\u00e1tica en Madrid","potentialAction":[{"@type":"SearchAction","target":{"@type":"EntryPoint","urlTemplate":"https:\/\/mayor25.com\/noticias\/?s={search_term_string}"},"query-input":{"@type":"PropertyValueSpecification","valueRequired":true,"valueName":"search_term_string"}}],"inLanguage":"es"},{"@type":"Person","@id":"https:\/\/mayor25.com\/noticias\/#\/schema\/person\/70210fffbc6c73f76adf074e9d35db05","name":"Numism\u00e1tica Mayor 25","image":{"@type":"ImageObject","inLanguage":"es","@id":"https:\/\/secure.gravatar.com\/avatar\/604b41163859278eacd7e05c6a3bef95b7d1c2b94d03c8aa1e99c906adde8c2c?s=96&d=mm&r=g","url":"https:\/\/secure.gravatar.com\/avatar\/604b41163859278eacd7e05c6a3bef95b7d1c2b94d03c8aa1e99c906adde8c2c?s=96&d=mm&r=g","contentUrl":"https:\/\/secure.gravatar.com\/avatar\/604b41163859278eacd7e05c6a3bef95b7d1c2b94d03c8aa1e99c906adde8c2c?s=96&d=mm&r=g","caption":"Numism\u00e1tica Mayor 25"},"url":"https:\/\/mayor25.com\/noticias\/author\/adminmayor25\/"}]}},"_links":{"self":[{"href":"https:\/\/mayor25.com\/noticias\/wp-json\/wp\/v2\/posts\/3391","targetHints":{"allow":["GET"]}}],"collection":[{"href":"https:\/\/mayor25.com\/noticias\/wp-json\/wp\/v2\/posts"}],"about":[{"href":"https:\/\/mayor25.com\/noticias\/wp-json\/wp\/v2\/types\/post"}],"author":[{"embeddable":true,"href":"https:\/\/mayor25.com\/noticias\/wp-json\/wp\/v2\/users\/2"}],"replies":[{"embeddable":true,"href":"https:\/\/mayor25.com\/noticias\/wp-json\/wp\/v2\/comments?post=3391"}],"version-history":[{"count":2,"href":"https:\/\/mayor25.com\/noticias\/wp-json\/wp\/v2\/posts\/3391\/revisions"}],"predecessor-version":[{"id":3394,"href":"https:\/\/mayor25.com\/noticias\/wp-json\/wp\/v2\/posts\/3391\/revisions\/3394"}],"wp:featuredmedia":[{"embeddable":true,"href":"https:\/\/mayor25.com\/noticias\/wp-json\/wp\/v2\/media\/3392"}],"wp:attachment":[{"href":"https:\/\/mayor25.com\/noticias\/wp-json\/wp\/v2\/media?parent=3391"}],"wp:term":[{"taxonomy":"category","embeddable":true,"href":"https:\/\/mayor25.com\/noticias\/wp-json\/wp\/v2\/categories?post=3391"},{"taxonomy":"post_tag","embeddable":true,"href":"https:\/\/mayor25.com\/noticias\/wp-json\/wp\/v2\/tags?post=3391"}],"curies":[{"name":"wp","href":"https:\/\/api.w.org\/{rel}","templated":true}]}}