{"id":1596,"date":"2021-11-03T18:23:54","date_gmt":"2021-11-03T17:23:54","guid":{"rendered":"https:\/\/mayor25.com\/noticias\/?p=1596"},"modified":"2026-03-24T12:17:19","modified_gmt":"2026-03-24T11:17:19","slug":"acunaciones-orden-malta","status":"publish","type":"post","link":"https:\/\/mayor25.com\/noticias\/acunaciones-orden-malta\/","title":{"rendered":"Las Acu\u00f1aciones de La Orden de Malta"},"content":{"rendered":"<p><strong>La Orden de Malta<\/strong> cuenta con m\u00e1s de novecientos a\u00f1os de historia, tan complicados como interesantes, ha cambiado de nombre y localizaci\u00f3n pero sin abandonar nunca su fin como promotora de la Gloria divina y la ayuda al pr\u00f3jimo.<\/p>\n<p><center><iframe title=\"YouTube video player\" data-src=\"https:\/\/www.youtube.com\/embed\/TkIqHZw96eQ\" width=\"560\" height=\"315\" frameborder=\"0\" allowfullscreen=\"allowfullscreen\" src=\"data:image\/svg+xml;base64,PHN2ZyB3aWR0aD0iMSIgaGVpZ2h0PSIxIiB4bWxucz0iaHR0cDovL3d3dy53My5vcmcvMjAwMC9zdmciPjwvc3ZnPg==\" class=\"lazyload\" data-load-mode=\"1\"><\/iframe><\/center><strong>La acu\u00f1aci\u00f3n de moneda por este tipo de entidades militares resulta peculiar<\/strong>, pues no cuentan con un territorio propio y permanente al que asociarlas, como es el caso de la mayor\u00eda de los estados y soberanos emisores. En la Orden, la moneda es una de sus bases identitarias y se refleja con claridad a trav\u00e9s de su <a href=\"https:\/\/mayor25.com\/noticias\/category\/historia-numismatica\/\">historia numism\u00e1tica<\/a>.<\/p>\n<p><img decoding=\"async\" class=\"aligncenter size-full wp-image-1597 lazyload\" data-src=\"http:\/\/mayor25.com\/noticias\/wp-content\/uploads\/Orden-Malta-Jerusalen.jpeg\" alt=\"\" width=\"482\" height=\"342\" data-srcset=\"https:\/\/mayor25.com\/noticias\/wp-content\/uploads\/Orden-Malta-Jerusalen.jpeg 482w, https:\/\/mayor25.com\/noticias\/wp-content\/uploads\/Orden-Malta-Jerusalen-300x213.jpeg 300w, https:\/\/mayor25.com\/noticias\/wp-content\/uploads\/Orden-Malta-Jerusalen-260x185.jpeg 260w, https:\/\/mayor25.com\/noticias\/wp-content\/uploads\/Orden-Malta-Jerusalen-450x319.jpeg 450w\" data-sizes=\"(max-width: 482px) 100vw, 482px\" src=\"data:image\/svg+xml;base64,PHN2ZyB3aWR0aD0iMSIgaGVpZ2h0PSIxIiB4bWxucz0iaHR0cDovL3d3dy53My5vcmcvMjAwMC9zdmciPjwvc3ZnPg==\" style=\"--smush-placeholder-width: 482px; --smush-placeholder-aspect-ratio: 482\/342;\" \/><\/p>\n<p>&nbsp;<\/p>\n<p>Los inicios de esta comunidad religiosa nos llevan a la<strong> Jerusal\u00e9n de 1048<\/strong>, donde un conjunto de mercaderes de la Rep\u00fablica independiente de Amalfi, en Italia, fundan un hospital para peregrinos junto al Santo Sepulcro y lo consagran a San Juan, todo ello bajo la administraci\u00f3n del Beato Gerardo Tum, quien se convertir\u00e1 en el primer Gran Maestre de la Orden.<strong> La comunidad recibi\u00f3 el nombre de Orden del Hospital de San Juan<\/strong> de Jerusal\u00e9n y en 1113 obtuvo el reconocimiento del Papa Pascual II. En 1120 accedi\u00f3 al cargo de Gran Maestre Raymond du Puy, y con \u00e9l la orden adquiri\u00f3 un marcado car\u00e1cter marcial y su primera sede en el Castillo del Crac de los Caballeros.<\/p>\n<p>&nbsp;<\/p>\n<p style=\"text-align: center;\"><img decoding=\"async\" class=\"aligncenter size-full wp-image-1600 lazyload\" data-src=\"http:\/\/mayor25.com\/noticias\/wp-content\/uploads\/Gran-Maestre-Orden-Malta-Numismatica.jpg\" alt=\"\" width=\"527\" height=\"848\" data-srcset=\"https:\/\/mayor25.com\/noticias\/wp-content\/uploads\/Gran-Maestre-Orden-Malta-Numismatica.jpg 527w, https:\/\/mayor25.com\/noticias\/wp-content\/uploads\/Gran-Maestre-Orden-Malta-Numismatica-186x300.jpg 186w, https:\/\/mayor25.com\/noticias\/wp-content\/uploads\/Gran-Maestre-Orden-Malta-Numismatica-438x705.jpg 438w, https:\/\/mayor25.com\/noticias\/wp-content\/uploads\/Gran-Maestre-Orden-Malta-Numismatica-450x724.jpg 450w\" data-sizes=\"(max-width: 527px) 100vw, 527px\" src=\"data:image\/svg+xml;base64,PHN2ZyB3aWR0aD0iMSIgaGVpZ2h0PSIxIiB4bWxucz0iaHR0cDovL3d3dy53My5vcmcvMjAwMC9zdmciPjwvc3ZnPg==\" style=\"--smush-placeholder-width: 527px; --smush-placeholder-aspect-ratio: 527\/848;\" \/><\/p>\n<p>&nbsp;<\/p>\n<p><strong>En 1187 el Sult\u00e1n Saladino conquista la Ciudad Santa<\/strong>, rendida el 2 de octubre por el noble y cruzado de Jerusal\u00e9n Bali\u00e1n de Ibel\u00edn, que entrega las llaves de la Torre de David a cambio de la rendici\u00f3n pac\u00edfica. Los hospitalarios se vieron forzados a abandonar la ciudad a pesar de que algunos recibieron permiso para guardar el Santo Sepulcro durante un a\u00f1o m\u00e1s.<\/p>\n<p><img decoding=\"async\" class=\"aligncenter size-full wp-image-1601 lazyload\" data-src=\"http:\/\/mayor25.com\/noticias\/wp-content\/uploads\/Conquista-Ciudad-Santa.jpg\" alt=\"\" width=\"666\" height=\"778\" data-srcset=\"https:\/\/mayor25.com\/noticias\/wp-content\/uploads\/Conquista-Ciudad-Santa.jpg 666w, https:\/\/mayor25.com\/noticias\/wp-content\/uploads\/Conquista-Ciudad-Santa-257x300.jpg 257w, https:\/\/mayor25.com\/noticias\/wp-content\/uploads\/Conquista-Ciudad-Santa-604x705.jpg 604w, https:\/\/mayor25.com\/noticias\/wp-content\/uploads\/Conquista-Ciudad-Santa-450x526.jpg 450w\" data-sizes=\"(max-width: 666px) 100vw, 666px\" src=\"data:image\/svg+xml;base64,PHN2ZyB3aWR0aD0iMSIgaGVpZ2h0PSIxIiB4bWxucz0iaHR0cDovL3d3dy53My5vcmcvMjAwMC9zdmciPjwvc3ZnPg==\" style=\"--smush-placeholder-width: 666px; --smush-placeholder-aspect-ratio: 666\/778;\" \/><\/p>\n<p>&nbsp;<\/p>\n<p>Se asentaron de forma temporal en la ciudad costera de San Juan de Acre y m\u00e1s tarde en <strong>Chipre<\/strong>, hasta su llegada en 1310 a la isla de Rodas, en el mar Egeo.<strong> Los caballeros se enriquecieron con las \u00f3rdenes de corso, con las que obten\u00edan dinero de sus acciones contra piratas musulmanes<\/strong>, y tambi\u00e9n gracias a los bienes que unos a\u00f1os antes hab\u00edan recibido como consecuencia del proyecto Rex Bellator de Ram\u00f3n Llull, que pretend\u00eda unificar diferentes \u00f3rdenes religiosas para reconquistar Tierra Santa y que <strong>llev\u00f3 a la Orden a convertirse en una entidad de gran poder.<\/strong><\/p>\n<p><img decoding=\"async\" class=\"aligncenter size-full wp-image-1604 lazyload\" data-src=\"http:\/\/mayor25.com\/noticias\/wp-content\/uploads\/Mapa-Chipre-Orden-Malta.jpg\" alt=\"\" width=\"1467\" height=\"567\" data-srcset=\"https:\/\/mayor25.com\/noticias\/wp-content\/uploads\/Mapa-Chipre-Orden-Malta.jpg 1467w, https:\/\/mayor25.com\/noticias\/wp-content\/uploads\/Mapa-Chipre-Orden-Malta-300x116.jpg 300w, https:\/\/mayor25.com\/noticias\/wp-content\/uploads\/Mapa-Chipre-Orden-Malta-1030x398.jpg 1030w, https:\/\/mayor25.com\/noticias\/wp-content\/uploads\/Mapa-Chipre-Orden-Malta-768x297.jpg 768w, https:\/\/mayor25.com\/noticias\/wp-content\/uploads\/Mapa-Chipre-Orden-Malta-705x272.jpg 705w, https:\/\/mayor25.com\/noticias\/wp-content\/uploads\/Mapa-Chipre-Orden-Malta-450x174.jpg 450w\" data-sizes=\"(max-width: 1467px) 100vw, 1467px\" src=\"data:image\/svg+xml;base64,PHN2ZyB3aWR0aD0iMSIgaGVpZ2h0PSIxIiB4bWxucz0iaHR0cDovL3d3dy53My5vcmcvMjAwMC9zdmciPjwvc3ZnPg==\" style=\"--smush-placeholder-width: 1467px; --smush-placeholder-aspect-ratio: 1467\/567;\" \/><\/p>\n<p><img decoding=\"async\" class=\"aligncenter size-full wp-image-1603 lazyload\" data-src=\"http:\/\/mayor25.com\/noticias\/wp-content\/uploads\/Asentamiento-Orden-de-Malta.jpg\" alt=\"\" width=\"623\" height=\"245\" data-srcset=\"https:\/\/mayor25.com\/noticias\/wp-content\/uploads\/Asentamiento-Orden-de-Malta.jpg 623w, https:\/\/mayor25.com\/noticias\/wp-content\/uploads\/Asentamiento-Orden-de-Malta-300x118.jpg 300w, https:\/\/mayor25.com\/noticias\/wp-content\/uploads\/Asentamiento-Orden-de-Malta-450x177.jpg 450w\" data-sizes=\"(max-width: 623px) 100vw, 623px\" src=\"data:image\/svg+xml;base64,PHN2ZyB3aWR0aD0iMSIgaGVpZ2h0PSIxIiB4bWxucz0iaHR0cDovL3d3dy53My5vcmcvMjAwMC9zdmciPjwvc3ZnPg==\" style=\"--smush-placeholder-width: 623px; --smush-placeholder-aspect-ratio: 623\/245;\" \/><\/p>\n<p>&nbsp;<\/p>\n<p>En Rodas se consolidaron como principal potencia naval de la zona, enclave estrat\u00e9gico en la lucha contra las fuerzas turcas, y se anexionaron algunos territorios cercanos. <strong>Como soberanos iniciaron la acu\u00f1aci\u00f3n de moneda, que favorec\u00eda los flujos econ\u00f3micos de la isla y constataba su posici\u00f3n como fuerza internacional independiente.<\/strong> Las primeras acu\u00f1aciones se atribuyen al vig\u00e9simo quinto Gran Maestre, Fulko de Villaret, quien accedi\u00f3 a su cargo en 1305.<\/p>\n<p><img decoding=\"async\" class=\"aligncenter wp-image-1605 size-medium lazyload\" data-src=\"http:\/\/mayor25.com\/noticias\/wp-content\/uploads\/Fulko-de-Villaret--217x300.jpg\" alt=\"\" width=\"217\" height=\"300\" data-srcset=\"https:\/\/mayor25.com\/noticias\/wp-content\/uploads\/Fulko-de-Villaret--217x300.jpg 217w, https:\/\/mayor25.com\/noticias\/wp-content\/uploads\/Fulko-de-Villaret-.jpg 384w\" data-sizes=\"(max-width: 217px) 100vw, 217px\" src=\"data:image\/svg+xml;base64,PHN2ZyB3aWR0aD0iMSIgaGVpZ2h0PSIxIiB4bWxucz0iaHR0cDovL3d3dy53My5vcmcvMjAwMC9zdmciPjwvc3ZnPg==\" style=\"--smush-placeholder-width: 217px; --smush-placeholder-aspect-ratio: 217\/300;\" \/><\/p>\n<p>&nbsp;<\/p>\n<p><strong>Estas primeras emisiones tomaron como modelo el principal sistema econ\u00f3mico de la Europa del momento<\/strong>, introducido a\u00f1os antes durante el reinado de San Luis de Francia. En plata se acu\u00f1\u00f3 el gros, con piezas de cuatro con veintid\u00f3s gramos y el medio gros; En vell\u00f3n se acu\u00f1\u00f3 el dinero, a veces casi de cobre puro y cuya docena equival\u00eda a un gros. En el caso del oro, no ser\u00e1 hasta mitad de siglo cuando se acu\u00f1en las primeras piezas.<\/p>\n<p>Los dineros basaron su dise\u00f1o en los de la ciudad de Tours, como fue el caso de muchos otros reinos cristianos, siendo estos an\u00f3nimos, con un anverso de castillo esquem\u00e1tico y leyenda con ceca y lugar de circulaci\u00f3n; en el reverso aparece la cruz t\u00edpica del monetario occidental y una leyenda indicando el poder emisor.<\/p>\n<p><img decoding=\"async\" class=\"aligncenter size-full wp-image-1606 lazyload\" data-src=\"http:\/\/mayor25.com\/noticias\/wp-content\/uploads\/Acunaciones-Monedas-Tours-Orden-Malta.jpg\" alt=\"\" width=\"866\" height=\"459\" data-srcset=\"https:\/\/mayor25.com\/noticias\/wp-content\/uploads\/Acunaciones-Monedas-Tours-Orden-Malta.jpg 866w, https:\/\/mayor25.com\/noticias\/wp-content\/uploads\/Acunaciones-Monedas-Tours-Orden-Malta-300x159.jpg 300w, https:\/\/mayor25.com\/noticias\/wp-content\/uploads\/Acunaciones-Monedas-Tours-Orden-Malta-768x407.jpg 768w, https:\/\/mayor25.com\/noticias\/wp-content\/uploads\/Acunaciones-Monedas-Tours-Orden-Malta-710x375.jpg 710w, https:\/\/mayor25.com\/noticias\/wp-content\/uploads\/Acunaciones-Monedas-Tours-Orden-Malta-705x374.jpg 705w, https:\/\/mayor25.com\/noticias\/wp-content\/uploads\/Acunaciones-Monedas-Tours-Orden-Malta-450x239.jpg 450w\" data-sizes=\"(max-width: 866px) 100vw, 866px\" src=\"data:image\/svg+xml;base64,PHN2ZyB3aWR0aD0iMSIgaGVpZ2h0PSIxIiB4bWxucz0iaHR0cDovL3d3dy53My5vcmcvMjAwMC9zdmciPjwvc3ZnPg==\" style=\"--smush-placeholder-width: 866px; --smush-placeholder-aspect-ratio: 866\/459;\" \/><\/p>\n<p>&nbsp;<\/p>\n<p><strong>El gros y su divisor se basaron en el mismo dise\u00f1o:<\/strong> En el anverso aparece la figura arrodillada del Gran Maestre frente a la cruz de doble travesa\u00f1o, viste capa con la cruz de la Orden y tras \u00e9l la abreviaci\u00f3n \u201cIRL\u201d hace referencia a Jerusal\u00e9n, en la orla aparece su nombre; En el caso del reverso, con la t\u00edpica cruz y doble leyenda de las acu\u00f1aciones de Tours, se hace referencia al poder emisor y a su plena soberan\u00eda.<\/p>\n<p><img decoding=\"async\" class=\"aligncenter size-full wp-image-1607 lazyload\" data-src=\"http:\/\/mayor25.com\/noticias\/wp-content\/uploads\/Acunaciones-Monedas-Tours-Orden-gran-maestre.jpg\" alt=\"\" width=\"708\" height=\"482\" data-srcset=\"https:\/\/mayor25.com\/noticias\/wp-content\/uploads\/Acunaciones-Monedas-Tours-Orden-gran-maestre.jpg 708w, https:\/\/mayor25.com\/noticias\/wp-content\/uploads\/Acunaciones-Monedas-Tours-Orden-gran-maestre-300x204.jpg 300w, https:\/\/mayor25.com\/noticias\/wp-content\/uploads\/Acunaciones-Monedas-Tours-Orden-gran-maestre-705x480.jpg 705w, https:\/\/mayor25.com\/noticias\/wp-content\/uploads\/Acunaciones-Monedas-Tours-Orden-gran-maestre-450x306.jpg 450w\" data-sizes=\"(max-width: 708px) 100vw, 708px\" src=\"data:image\/svg+xml;base64,PHN2ZyB3aWR0aD0iMSIgaGVpZ2h0PSIxIiB4bWxucz0iaHR0cDovL3d3dy53My5vcmcvMjAwMC9zdmciPjwvc3ZnPg==\" style=\"--smush-placeholder-width: 708px; --smush-placeholder-aspect-ratio: 708\/482;\" \/><\/p>\n<p>&nbsp;<\/p>\n<p><strong>Si nos paramos un segundo, vale la pena destacar una diferencia importante entre las monedas de vell\u00f3n y las de plata:<\/strong> En el primero de los casos la propaganda es escasa pero en el segundo se incrementa; no solo por la leyenda del reverso sino por el dise\u00f1o del propio anverso, heredero de la simbolog\u00eda hospitalaria. Esta diferencia se debe a que <strong>el dinero de vell\u00f3n estaba destinado a la econom\u00eda interna y rural<\/strong>, algo com\u00fan en muchos territorios europeos, de esta forma, lo l\u00f3gico, era que la carga propagand\u00edstica se encontrase en las piezas que iban a introducirse en el comercio exterior.<\/p>\n<p><strong>La llegada, en 1319, de Helion de Villeneuve a la cabeza de la organizaci\u00f3n trajo modificaciones en la plata.<\/strong> Se adopt\u00f3 el gigliato de la Casa de Anjou en N\u00e1poles: En el anverso las modificaciones tipol\u00f3gicas fueron escasas, con la aparici\u00f3n de la her\u00e1ldica de los maestres en acu\u00f1aciones posteriores; En el reverso la transformaci\u00f3n fue m\u00e1s acusada, presentando la cruz angevina, con escudos oblongos de la Orden, en sus extremos. Como puede observarse,<strong> la Orden de los Caballeros de Rodas va desarrollando una her\u00e1ldica que se entrelaza con la de sus gobernantes,<\/strong> que comienzan a cuartelar en los escudos her\u00e1ldicos su emblema junto a la cruz de los caballeros, tambi\u00e9n se incluy\u00f3 en los reversos de los divisores menores de plata y cobre el emblema del Gran Maestre.<\/p>\n<p><img decoding=\"async\" class=\"aligncenter size-full wp-image-1609 lazyload\" data-src=\"http:\/\/mayor25.com\/noticias\/wp-content\/uploads\/Monedas-Plata-Gran-Maestre.jpg\" alt=\"\" width=\"850\" height=\"391\" data-srcset=\"https:\/\/mayor25.com\/noticias\/wp-content\/uploads\/Monedas-Plata-Gran-Maestre.jpg 850w, https:\/\/mayor25.com\/noticias\/wp-content\/uploads\/Monedas-Plata-Gran-Maestre-300x138.jpg 300w, https:\/\/mayor25.com\/noticias\/wp-content\/uploads\/Monedas-Plata-Gran-Maestre-768x353.jpg 768w, https:\/\/mayor25.com\/noticias\/wp-content\/uploads\/Monedas-Plata-Gran-Maestre-705x324.jpg 705w, https:\/\/mayor25.com\/noticias\/wp-content\/uploads\/Monedas-Plata-Gran-Maestre-450x207.jpg 450w\" data-sizes=\"(max-width: 850px) 100vw, 850px\" src=\"data:image\/svg+xml;base64,PHN2ZyB3aWR0aD0iMSIgaGVpZ2h0PSIxIiB4bWxucz0iaHR0cDovL3d3dy53My5vcmcvMjAwMC9zdmciPjwvc3ZnPg==\" style=\"--smush-placeholder-width: 850px; --smush-placeholder-aspect-ratio: 850\/391;\" \/><\/p>\n<p>&nbsp;<\/p>\n<p><img decoding=\"async\" class=\"aligncenter size-full wp-image-1608 lazyload\" data-src=\"http:\/\/mayor25.com\/noticias\/wp-content\/uploads\/Monedas-Plata-Gran-Maestre-Orden-Malta.jpg\" alt=\"\" width=\"769\" height=\"380\" data-srcset=\"https:\/\/mayor25.com\/noticias\/wp-content\/uploads\/Monedas-Plata-Gran-Maestre-Orden-Malta.jpg 769w, https:\/\/mayor25.com\/noticias\/wp-content\/uploads\/Monedas-Plata-Gran-Maestre-Orden-Malta-300x148.jpg 300w, https:\/\/mayor25.com\/noticias\/wp-content\/uploads\/Monedas-Plata-Gran-Maestre-Orden-Malta-705x348.jpg 705w, https:\/\/mayor25.com\/noticias\/wp-content\/uploads\/Monedas-Plata-Gran-Maestre-Orden-Malta-450x222.jpg 450w\" data-sizes=\"(max-width: 769px) 100vw, 769px\" src=\"data:image\/svg+xml;base64,PHN2ZyB3aWR0aD0iMSIgaGVpZ2h0PSIxIiB4bWxucz0iaHR0cDovL3d3dy53My5vcmcvMjAwMC9zdmciPjwvc3ZnPg==\" style=\"--smush-placeholder-width: 769px; --smush-placeholder-aspect-ratio: 769\/380;\" \/><\/p>\n<p>&nbsp;<\/p>\n<p>Bajo la mano de <strong>Dieudonn\u00e9 de Gozon<\/strong>, quien accedi\u00f3 al cargo en 1346, hizo aparici\u00f3n la primera <a href=\"https:\/\/mayor25.com\/compraventa-monedas-oro.html\">moneda de oro<\/a> de la Orden, en imitaci\u00f3n del zecchino o ducado veneciano. Se introdujo la figura de San Juan Bautista en el anverso, junto al t\u00edtulo y nombre del emisor; En el reverso, un \u00e1ngel sentado sobre la tumba de Cristo hace referencia al Santo Sepulcro.<\/p>\n<p><img decoding=\"async\" class=\"aligncenter size-full wp-image-1610 lazyload\" data-src=\"http:\/\/mayor25.com\/noticias\/wp-content\/uploads\/Dieudonne-de-Gozon-Monedas.jpg\" alt=\"\" width=\"851\" height=\"391\" data-srcset=\"https:\/\/mayor25.com\/noticias\/wp-content\/uploads\/Dieudonne-de-Gozon-Monedas.jpg 851w, https:\/\/mayor25.com\/noticias\/wp-content\/uploads\/Dieudonne-de-Gozon-Monedas-300x138.jpg 300w, https:\/\/mayor25.com\/noticias\/wp-content\/uploads\/Dieudonne-de-Gozon-Monedas-768x353.jpg 768w, https:\/\/mayor25.com\/noticias\/wp-content\/uploads\/Dieudonne-de-Gozon-Monedas-705x324.jpg 705w, https:\/\/mayor25.com\/noticias\/wp-content\/uploads\/Dieudonne-de-Gozon-Monedas-450x207.jpg 450w\" data-sizes=\"(max-width: 851px) 100vw, 851px\" src=\"data:image\/svg+xml;base64,PHN2ZyB3aWR0aD0iMSIgaGVpZ2h0PSIxIiB4bWxucz0iaHR0cDovL3d3dy53My5vcmcvMjAwMC9zdmciPjwvc3ZnPg==\" style=\"--smush-placeholder-width: 851px; --smush-placeholder-aspect-ratio: 851\/391;\" \/><\/p>\n<p>&nbsp;<\/p>\n<p><strong>La fabricaci\u00f3n de moneda de oro se detuvo hasta 1421<\/strong>, cuando Antonio Fluviano realiza dos series de ducados: La primera casi exacta a las piezas de ceca veneciana; La segunda, como respuesta a las quejas de la Seren\u00edsima, representa a San Juan Bautista e identifica al maestre con sus ropas tradicionales y no con las del Dogo.<\/p>\n<p><img decoding=\"async\" class=\"aligncenter size-full wp-image-1611 lazyload\" data-src=\"http:\/\/mayor25.com\/noticias\/wp-content\/uploads\/Fabricacion-Monedas-Oro-Orden-de-Malta.jpg\" alt=\"\" width=\"777\" height=\"612\" data-srcset=\"https:\/\/mayor25.com\/noticias\/wp-content\/uploads\/Fabricacion-Monedas-Oro-Orden-de-Malta.jpg 777w, https:\/\/mayor25.com\/noticias\/wp-content\/uploads\/Fabricacion-Monedas-Oro-Orden-de-Malta-300x236.jpg 300w, https:\/\/mayor25.com\/noticias\/wp-content\/uploads\/Fabricacion-Monedas-Oro-Orden-de-Malta-768x605.jpg 768w, https:\/\/mayor25.com\/noticias\/wp-content\/uploads\/Fabricacion-Monedas-Oro-Orden-de-Malta-705x555.jpg 705w, https:\/\/mayor25.com\/noticias\/wp-content\/uploads\/Fabricacion-Monedas-Oro-Orden-de-Malta-450x354.jpg 450w\" data-sizes=\"(max-width: 777px) 100vw, 777px\" src=\"data:image\/svg+xml;base64,PHN2ZyB3aWR0aD0iMSIgaGVpZ2h0PSIxIiB4bWxucz0iaHR0cDovL3d3dy53My5vcmcvMjAwMC9zdmciPjwvc3ZnPg==\" style=\"--smush-placeholder-width: 777px; --smush-placeholder-aspect-ratio: 777\/612;\" \/><\/p>\n<p>&nbsp;<\/p>\n<p>A mitad del S. XV el Gran Maestre Jean Lastic desarroll\u00f3 variaciones en el estilo de los aspres de plata, divisores del gigliato, en los que aparece en el anverso la figura sedente de San Juan con el Agnus Dei y la bandera de la Orden.<\/p>\n<p><img decoding=\"async\" class=\"aligncenter size-full wp-image-1613 lazyload\" data-src=\"http:\/\/mayor25.com\/noticias\/wp-content\/uploads\/Monedas-Plata-Jean-Lastic.jpg\" alt=\"\" width=\"777\" height=\"645\" data-srcset=\"https:\/\/mayor25.com\/noticias\/wp-content\/uploads\/Monedas-Plata-Jean-Lastic.jpg 777w, https:\/\/mayor25.com\/noticias\/wp-content\/uploads\/Monedas-Plata-Jean-Lastic-300x249.jpg 300w, https:\/\/mayor25.com\/noticias\/wp-content\/uploads\/Monedas-Plata-Jean-Lastic-768x638.jpg 768w, https:\/\/mayor25.com\/noticias\/wp-content\/uploads\/Monedas-Plata-Jean-Lastic-705x585.jpg 705w, https:\/\/mayor25.com\/noticias\/wp-content\/uploads\/Monedas-Plata-Jean-Lastic-450x374.jpg 450w\" data-sizes=\"(max-width: 777px) 100vw, 777px\" src=\"data:image\/svg+xml;base64,PHN2ZyB3aWR0aD0iMSIgaGVpZ2h0PSIxIiB4bWxucz0iaHR0cDovL3d3dy53My5vcmcvMjAwMC9zdmciPjwvc3ZnPg==\" style=\"--smush-placeholder-width: 777px; --smush-placeholder-aspect-ratio: 777\/645;\" \/><\/p>\n<p>&nbsp;<\/p>\n<p>Durante la \u00faltima etapa de los caballeros en Rodas se producen grandes cambios en la moneda,<strong> especialmente en el vell\u00f3n y la plata<\/strong>, cambios que comienzan con Pierre d`Aubusson en 1476, a qui\u00e9n el Papa Inocencio VIII otorg\u00f3 el t\u00edtulo de Cardenal. En las piezas de vell\u00f3n se intercambian las armas del Gran Maestre por una cruz ancorada y se introduce su nombre y cargo en la leyenda. En la plata se incrementan los pesos, y en las piezas menores se sigue una tipolog\u00eda semejante a la del vell\u00f3n pero con la figura de su Patr\u00f3n, con el Cordero Pascual y la bandera hospitalaria. En las grandes piezas de plata, como los scudo de trece con tres gramos, se introduce el capelo cardenalicio en la her\u00e1ldica como principal novedad, as\u00ed como ambos t\u00edtulos, el de Gran Maestre y el de Pr\u00edncipe de la Iglesia.<\/p>\n<p><img decoding=\"async\" class=\"aligncenter wp-image-1614 lazyload\" data-src=\"http:\/\/mayor25.com\/noticias\/wp-content\/uploads\/Monedas-Orden-Malta-Numismatica.jpg\" alt=\"\" width=\"777\" height=\"462\" data-srcset=\"https:\/\/mayor25.com\/noticias\/wp-content\/uploads\/Monedas-Orden-Malta-Numismatica.jpg 994w, https:\/\/mayor25.com\/noticias\/wp-content\/uploads\/Monedas-Orden-Malta-Numismatica-300x178.jpg 300w, https:\/\/mayor25.com\/noticias\/wp-content\/uploads\/Monedas-Orden-Malta-Numismatica-768x457.jpg 768w, https:\/\/mayor25.com\/noticias\/wp-content\/uploads\/Monedas-Orden-Malta-Numismatica-705x419.jpg 705w, https:\/\/mayor25.com\/noticias\/wp-content\/uploads\/Monedas-Orden-Malta-Numismatica-450x268.jpg 450w\" data-sizes=\"(max-width: 777px) 100vw, 777px\" src=\"data:image\/svg+xml;base64,PHN2ZyB3aWR0aD0iMSIgaGVpZ2h0PSIxIiB4bWxucz0iaHR0cDovL3d3dy53My5vcmcvMjAwMC9zdmciPjwvc3ZnPg==\" style=\"--smush-placeholder-width: 777px; --smush-placeholder-aspect-ratio: 777\/462;\" \/><\/p>\n<p>&nbsp;<\/p>\n<p>Del resto de acu\u00f1aciones posteriores, hasta la salida de los Caballeros de la isla, <strong>convendr\u00eda destacar unos grossetos realizados durante la etapa de Philippe de Villiers de L`Isle-Adam<\/strong>, a partir de 1521; Estas piezas contaban con un reverso importante que volver\u00eda a utilizarse con el tiempo, en \u00e9l se puede ver la cabeza cortada de San Juan sobre una bandeja, en la leyenda se alude a la decapitaci\u00f3n del santo.<\/p>\n<p><img decoding=\"async\" class=\"aligncenter size-full wp-image-1615 lazyload\" data-src=\"http:\/\/mayor25.com\/noticias\/wp-content\/uploads\/Monedas-Plata-Philippe-de-Villiers.jpg\" alt=\"\" width=\"729\" height=\"337\" data-srcset=\"https:\/\/mayor25.com\/noticias\/wp-content\/uploads\/Monedas-Plata-Philippe-de-Villiers.jpg 729w, https:\/\/mayor25.com\/noticias\/wp-content\/uploads\/Monedas-Plata-Philippe-de-Villiers-300x139.jpg 300w, https:\/\/mayor25.com\/noticias\/wp-content\/uploads\/Monedas-Plata-Philippe-de-Villiers-705x326.jpg 705w, https:\/\/mayor25.com\/noticias\/wp-content\/uploads\/Monedas-Plata-Philippe-de-Villiers-450x208.jpg 450w\" data-sizes=\"(max-width: 729px) 100vw, 729px\" src=\"data:image\/svg+xml;base64,PHN2ZyB3aWR0aD0iMSIgaGVpZ2h0PSIxIiB4bWxucz0iaHR0cDovL3d3dy53My5vcmcvMjAwMC9zdmciPjwvc3ZnPg==\" style=\"--smush-placeholder-width: 729px; --smush-placeholder-aspect-ratio: 729\/337;\" \/><\/p>\n<p>&nbsp;<\/p>\n<p>En 1523 Rodas cae ante el imperio Otomano de Solim\u00e1n el Magn\u00edfico, tras cinco meses de sitio y a pesar incluso del apoyo cristiano llegado desde Europa.<\/p>\n<p><img decoding=\"async\" class=\"aligncenter size-full wp-image-1616 lazyload\" data-src=\"http:\/\/mayor25.com\/noticias\/wp-content\/uploads\/Caida-Rodas-el-imperio-Otomano.jpg\" alt=\"\" width=\"644\" height=\"455\" data-srcset=\"https:\/\/mayor25.com\/noticias\/wp-content\/uploads\/Caida-Rodas-el-imperio-Otomano.jpg 644w, https:\/\/mayor25.com\/noticias\/wp-content\/uploads\/Caida-Rodas-el-imperio-Otomano-300x212.jpg 300w, https:\/\/mayor25.com\/noticias\/wp-content\/uploads\/Caida-Rodas-el-imperio-Otomano-260x185.jpg 260w, https:\/\/mayor25.com\/noticias\/wp-content\/uploads\/Caida-Rodas-el-imperio-Otomano-450x318.jpg 450w\" data-sizes=\"(max-width: 644px) 100vw, 644px\" src=\"data:image\/svg+xml;base64,PHN2ZyB3aWR0aD0iMSIgaGVpZ2h0PSIxIiB4bWxucz0iaHR0cDovL3d3dy53My5vcmcvMjAwMC9zdmciPjwvc3ZnPg==\" style=\"--smush-placeholder-width: 644px; --smush-placeholder-aspect-ratio: 644\/455;\" \/><\/p>\n<p>&nbsp;<\/p>\n<p>Los Caballeros se establecer\u00e1n temporalmente en Italia, en Civitavecchia y en Viterbo. Durante su periodo en los Estados Pontificios, pre\u00e1mbulo de su llegada a la Isla de Malta, <strong>nos encontramos con dos nuevas monedas en plata y oro,<\/strong> ambas con id\u00e9ntico dise\u00f1o. En ellas aparece por primera vez el retrato del Gran Maestre, en el anverso, haciendo referencia su leyenda a Jerusal\u00e9n, pero no a Rodas; El reverso tiene las habituales armas cuarteladas dentro de escudo en el oro, y sin \u00e9l en la plata, la leyenda refiere a su intenci\u00f3n de continuar la lucha contra los turcos.<\/p>\n<p><img decoding=\"async\" class=\"aligncenter size-full wp-image-1617 lazyload\" data-src=\"http:\/\/mayor25.com\/noticias\/wp-content\/uploads\/Monedas-en-Civitavecchia-Plata.jpg\" alt=\"\" width=\"487\" height=\"467\" data-srcset=\"https:\/\/mayor25.com\/noticias\/wp-content\/uploads\/Monedas-en-Civitavecchia-Plata.jpg 487w, https:\/\/mayor25.com\/noticias\/wp-content\/uploads\/Monedas-en-Civitavecchia-Plata-300x288.jpg 300w, https:\/\/mayor25.com\/noticias\/wp-content\/uploads\/Monedas-en-Civitavecchia-Plata-36x36.jpg 36w, https:\/\/mayor25.com\/noticias\/wp-content\/uploads\/Monedas-en-Civitavecchia-Plata-450x432.jpg 450w\" data-sizes=\"(max-width: 487px) 100vw, 487px\" src=\"data:image\/svg+xml;base64,PHN2ZyB3aWR0aD0iMSIgaGVpZ2h0PSIxIiB4bWxucz0iaHR0cDovL3d3dy53My5vcmcvMjAwMC9zdmciPjwvc3ZnPg==\" style=\"--smush-placeholder-width: 487px; --smush-placeholder-aspect-ratio: 487\/467;\" \/><\/p>\n<p>&nbsp;<\/p>\n<p>El asentamiento en la Isla de Malta de la Orden se produjo en 1530, tras la cesi\u00f3n de esta y los territorios de Gozo, Comino y Tr\u00edpoli por parte del Emperador Carlos V y con el consentimiento del Papa Clemente VII. <strong>Su posici\u00f3n estrat\u00e9gica les convirti\u00f3 en centinelas del Mediterr\u00e1neo y a partir de ese a\u00f1o comenzar\u00edan a recibir el nombre de Caballeros de Malta.<\/strong><\/p>\n<p><img decoding=\"async\" class=\"aligncenter size-full wp-image-1618 lazyload\" data-src=\"http:\/\/mayor25.com\/noticias\/wp-content\/uploads\/Caballeros-de-Malta.jpg\" alt=\"\" width=\"384\" height=\"326\" data-srcset=\"https:\/\/mayor25.com\/noticias\/wp-content\/uploads\/Caballeros-de-Malta.jpg 384w, https:\/\/mayor25.com\/noticias\/wp-content\/uploads\/Caballeros-de-Malta-300x255.jpg 300w\" data-sizes=\"(max-width: 384px) 100vw, 384px\" src=\"data:image\/svg+xml;base64,PHN2ZyB3aWR0aD0iMSIgaGVpZ2h0PSIxIiB4bWxucz0iaHR0cDovL3d3dy53My5vcmcvMjAwMC9zdmciPjwvc3ZnPg==\" style=\"--smush-placeholder-width: 384px; --smush-placeholder-aspect-ratio: 384\/326;\" \/><\/p>\n<p>&nbsp;<\/p>\n<p>Preservaron el privilegio de la regal\u00eda de acu\u00f1aci\u00f3n y se adaptaron al sistema econ\u00f3mico siciliano.<strong> Las primeras monedas que pueden presuponerse realizadas en la Isla por la Orden fueron sus habituales ducados<\/strong>, a los que modificaron las leyendas para relacionarlas con el Gran Maestre y la Orden Hospitalaria de Jerusal\u00e9n, como as\u00ed ocurr\u00eda en las piezas de busto. Para las piezas de plata, la adopci\u00f3n del sistema siciliano conllevo la implementaci\u00f3n del tari como unidad y a partir de 1553 con la llegada como Gran Maestre de Claude de La Sengle, se comienzan a introducir tipolog\u00edas diferentes, con San Juan en vez del Cordero o con doble her\u00e1ldica en las piezas de cobre.<\/p>\n<p><img decoding=\"async\" class=\"aligncenter size-full wp-image-1619 lazyload\" data-src=\"http:\/\/mayor25.com\/noticias\/wp-content\/uploads\/Ducados-Orden-de-Malta.jpg\" alt=\"\" width=\"460\" height=\"780\" data-srcset=\"https:\/\/mayor25.com\/noticias\/wp-content\/uploads\/Ducados-Orden-de-Malta.jpg 460w, https:\/\/mayor25.com\/noticias\/wp-content\/uploads\/Ducados-Orden-de-Malta-177x300.jpg 177w, https:\/\/mayor25.com\/noticias\/wp-content\/uploads\/Ducados-Orden-de-Malta-416x705.jpg 416w, https:\/\/mayor25.com\/noticias\/wp-content\/uploads\/Ducados-Orden-de-Malta-450x763.jpg 450w\" data-sizes=\"(max-width: 460px) 100vw, 460px\" src=\"data:image\/svg+xml;base64,PHN2ZyB3aWR0aD0iMSIgaGVpZ2h0PSIxIiB4bWxucz0iaHR0cDovL3d3dy53My5vcmcvMjAwMC9zdmciPjwvc3ZnPg==\" style=\"--smush-placeholder-width: 460px; --smush-placeholder-aspect-ratio: 460\/780;\" \/><\/p>\n<p>La iconograf\u00eda de la orden se desarroll\u00f3 al igual que esta, que se consolidaba como una prestigiosa y poderosa instituci\u00f3n. En 1565 la Europa Cristiana se enfrent\u00f3 a las fuerzas otomanas de Solim\u00e1n I en el Gran Sitio de Malta, el \u00e9xito de las fuerzas occidentales en la defensa de la isla acrecent\u00f3 el prestigio de la orden maltesa, regida en ese momento por Jean Parisot de La Valette.<\/p>\n<p><img decoding=\"async\" class=\"aligncenter size-full wp-image-1620 lazyload\" data-src=\"http:\/\/mayor25.com\/noticias\/wp-content\/uploads\/Jean-Parisot-de-La-Valette-Monedas-Numismatica.jpg\" alt=\"\" width=\"850\" height=\"337\" data-srcset=\"https:\/\/mayor25.com\/noticias\/wp-content\/uploads\/Jean-Parisot-de-La-Valette-Monedas-Numismatica.jpg 850w, https:\/\/mayor25.com\/noticias\/wp-content\/uploads\/Jean-Parisot-de-La-Valette-Monedas-Numismatica-300x119.jpg 300w, https:\/\/mayor25.com\/noticias\/wp-content\/uploads\/Jean-Parisot-de-La-Valette-Monedas-Numismatica-768x304.jpg 768w, https:\/\/mayor25.com\/noticias\/wp-content\/uploads\/Jean-Parisot-de-La-Valette-Monedas-Numismatica-705x280.jpg 705w, https:\/\/mayor25.com\/noticias\/wp-content\/uploads\/Jean-Parisot-de-La-Valette-Monedas-Numismatica-450x178.jpg 450w\" data-sizes=\"(max-width: 850px) 100vw, 850px\" src=\"data:image\/svg+xml;base64,PHN2ZyB3aWR0aD0iMSIgaGVpZ2h0PSIxIiB4bWxucz0iaHR0cDovL3d3dy53My5vcmcvMjAwMC9zdmciPjwvc3ZnPg==\" style=\"--smush-placeholder-width: 850px; --smush-placeholder-aspect-ratio: 850\/337;\" \/><\/p>\n<p>&nbsp;<\/p>\n<p>Tras la victoria fue necesario un importante esfuerzo econ\u00f3mico para favorecer la recuperaci\u00f3n de la isla, por lo que durante los a\u00f1os siguientes las emisiones se incrementaron. <strong>La Valette desarroll\u00f3 un esquema de la plata maltesa con diferentes dise\u00f1os<\/strong>, dependiendo de los divisores e introduciendo nuevas piezas; La emisi\u00f3n de cobre fue especialmente abundante, pues este material se adaptaba mejor al periodo de crisis y su econom\u00eda local y dio lugar a unas curiosas emisiones fiduciarias, cuya leyenda aseguraba que ser\u00edan intercambiadas por plata a sus portadores, su reverso mostraba dos manos entrelazadas como s\u00edmbolo de compromiso.<\/p>\n<p><img decoding=\"async\" class=\"aligncenter wp-image-1621 lazyload\" data-src=\"http:\/\/mayor25.com\/noticias\/wp-content\/uploads\/Monedas-economia-local-Malta.jpg\" alt=\"\" width=\"399\" height=\"410\" data-srcset=\"https:\/\/mayor25.com\/noticias\/wp-content\/uploads\/Monedas-economia-local-Malta.jpg 471w, https:\/\/mayor25.com\/noticias\/wp-content\/uploads\/Monedas-economia-local-Malta-292x300.jpg 292w, https:\/\/mayor25.com\/noticias\/wp-content\/uploads\/Monedas-economia-local-Malta-36x36.jpg 36w, https:\/\/mayor25.com\/noticias\/wp-content\/uploads\/Monedas-economia-local-Malta-450x462.jpg 450w\" data-sizes=\"(max-width: 399px) 100vw, 399px\" src=\"data:image\/svg+xml;base64,PHN2ZyB3aWR0aD0iMSIgaGVpZ2h0PSIxIiB4bWxucz0iaHR0cDovL3d3dy53My5vcmcvMjAwMC9zdmciPjwvc3ZnPg==\" style=\"--smush-placeholder-width: 399px; --smush-placeholder-aspect-ratio: 399\/410;\" \/><\/p>\n<p>&nbsp;<\/p>\n<p>Desde la adopci\u00f3n del monetario siciliano no se produjeron cambios notables hasta mitad del siglo XVIII. Si se produjeron variaciones puntuales, por ejemplo, los dobles ducados de Lascaris, en 1641, que coincid\u00edan con los doblones castellanos y que mostraban el retrato del Gran Maestre y la doble her\u00e1ldica cuartelada en escudo y coronada.<\/p>\n<p><img decoding=\"async\" class=\"aligncenter size-full wp-image-1622 lazyload\" data-src=\"http:\/\/mayor25.com\/noticias\/wp-content\/uploads\/Doblones-Castellanos-Malta.jpg\" alt=\"\" width=\"499\" height=\"505\" data-srcset=\"https:\/\/mayor25.com\/noticias\/wp-content\/uploads\/Doblones-Castellanos-Malta.jpg 499w, https:\/\/mayor25.com\/noticias\/wp-content\/uploads\/Doblones-Castellanos-Malta-296x300.jpg 296w, https:\/\/mayor25.com\/noticias\/wp-content\/uploads\/Doblones-Castellanos-Malta-80x80.jpg 80w, https:\/\/mayor25.com\/noticias\/wp-content\/uploads\/Doblones-Castellanos-Malta-36x36.jpg 36w, https:\/\/mayor25.com\/noticias\/wp-content\/uploads\/Doblones-Castellanos-Malta-120x120.jpg 120w, https:\/\/mayor25.com\/noticias\/wp-content\/uploads\/Doblones-Castellanos-Malta-450x455.jpg 450w\" data-sizes=\"(max-width: 499px) 100vw, 499px\" src=\"data:image\/svg+xml;base64,PHN2ZyB3aWR0aD0iMSIgaGVpZ2h0PSIxIiB4bWxucz0iaHR0cDovL3d3dy53My5vcmcvMjAwMC9zdmciPjwvc3ZnPg==\" style=\"--smush-placeholder-width: 499px; --smush-placeholder-aspect-ratio: 499\/505;\" \/><\/p>\n<p>&nbsp;<\/p>\n<p>Durante la magistratura de Antonio Manoel de Vilhena, transcurrida entre 1722 y 1736, <strong>el uso del retrato se convertir\u00e1 en la norma,<\/strong> si bien hab\u00eda sido algo marginal en la etapa de Lascaris, en este caso su uso se heredar\u00eda de las piezas de cuatro zecchinos con retrato de Raimundo Rabasa de Perell\u00f3s y Rocafull, Gran Maestre de la Orden hasta 1720.<\/p>\n<p><img decoding=\"async\" class=\"aligncenter size-full wp-image-1623 lazyload\" data-src=\"http:\/\/mayor25.com\/noticias\/wp-content\/uploads\/piezas-de-cuatro-zecchinos-con-retrato.jpg\" alt=\"\" width=\"699\" height=\"330\" data-srcset=\"https:\/\/mayor25.com\/noticias\/wp-content\/uploads\/piezas-de-cuatro-zecchinos-con-retrato.jpg 699w, https:\/\/mayor25.com\/noticias\/wp-content\/uploads\/piezas-de-cuatro-zecchinos-con-retrato-300x142.jpg 300w, https:\/\/mayor25.com\/noticias\/wp-content\/uploads\/piezas-de-cuatro-zecchinos-con-retrato-450x212.jpg 450w\" data-sizes=\"(max-width: 699px) 100vw, 699px\" src=\"data:image\/svg+xml;base64,PHN2ZyB3aWR0aD0iMSIgaGVpZ2h0PSIxIiB4bWxucz0iaHR0cDovL3d3dy53My5vcmcvMjAwMC9zdmciPjwvc3ZnPg==\" style=\"--smush-placeholder-width: 699px; --smush-placeholder-aspect-ratio: 699\/330;\" \/><\/p>\n<p>&nbsp;<\/p>\n<p><strong>Llaman la atenci\u00f3n m\u00faltiplos acu\u00f1ados por Vilhena con valores de hasta doce taris y con ejemplos excepcionales como las piezas de doce zecchinos de un peso aproximado de cuarenta y dos gramos<\/strong>. Tambi\u00e9n introdujo una nueva simbolog\u00eda her\u00e1ldica, con reversos en que las armas de la Orden y el Gran Maestre se encuentran en escudos independientes pero entrelazados bajo la corona principesca.<\/p>\n<p><img decoding=\"async\" class=\"aligncenter size-full wp-image-1624 lazyload\" data-src=\"http:\/\/mayor25.com\/noticias\/wp-content\/uploads\/Nueva-Simbologia-Heraldica-Malta.jpg\" alt=\"\" width=\"664\" height=\"741\" data-srcset=\"https:\/\/mayor25.com\/noticias\/wp-content\/uploads\/Nueva-Simbologia-Heraldica-Malta.jpg 664w, https:\/\/mayor25.com\/noticias\/wp-content\/uploads\/Nueva-Simbologia-Heraldica-Malta-269x300.jpg 269w, https:\/\/mayor25.com\/noticias\/wp-content\/uploads\/Nueva-Simbologia-Heraldica-Malta-632x705.jpg 632w, https:\/\/mayor25.com\/noticias\/wp-content\/uploads\/Nueva-Simbologia-Heraldica-Malta-450x502.jpg 450w\" data-sizes=\"(max-width: 664px) 100vw, 664px\" src=\"data:image\/svg+xml;base64,PHN2ZyB3aWR0aD0iMSIgaGVpZ2h0PSIxIiB4bWxucz0iaHR0cDovL3d3dy53My5vcmcvMjAwMC9zdmciPjwvc3ZnPg==\" style=\"--smush-placeholder-width: 664px; --smush-placeholder-aspect-ratio: 664\/741;\" \/><\/p>\n<p>&nbsp;<\/p>\n<p>Aprovechando el ejemplo anterior, cabr\u00eda atender brevemente al uso de la corona en la iconograf\u00eda maltesa, que aparece ya en las monedas del Gran Maestre Verdala en 1582;<strong> Surgi\u00f3 a ra\u00edz de la colocaci\u00f3n de una por el Papa en el funeral del Gran Maestre Jean Levesque de La Cassi\u00e8re,<\/strong> y se mantiene hasta la llegada de Manuel Pinto da Fonseca, al que el Papa Benedicto XIV concedi\u00f3 el uso del modelo de corona real tras ser reconocido como embajador real, encontr\u00e1ndonos as\u00ed con piezas de los dos diferentes tipos.<\/p>\n<p><img decoding=\"async\" class=\"aligncenter wp-image-1626 lazyload\" data-src=\"http:\/\/mayor25.com\/noticias\/wp-content\/uploads\/Monedas-Embajador-Real-Malta.jpg\" alt=\"\" width=\"613\" height=\"641\" data-srcset=\"https:\/\/mayor25.com\/noticias\/wp-content\/uploads\/Monedas-Embajador-Real-Malta.jpg 667w, https:\/\/mayor25.com\/noticias\/wp-content\/uploads\/Monedas-Embajador-Real-Malta-287x300.jpg 287w, https:\/\/mayor25.com\/noticias\/wp-content\/uploads\/Monedas-Embajador-Real-Malta-450x470.jpg 450w\" data-sizes=\"(max-width: 613px) 100vw, 613px\" src=\"data:image\/svg+xml;base64,PHN2ZyB3aWR0aD0iMSIgaGVpZ2h0PSIxIiB4bWxucz0iaHR0cDovL3d3dy53My5vcmcvMjAwMC9zdmciPjwvc3ZnPg==\" style=\"--smush-placeholder-width: 613px; --smush-placeholder-aspect-ratio: 613\/641;\" \/><\/p>\n<p>&nbsp;<\/p>\n<p><strong>\u00a0El Gran Maestre Manuel Pinto<\/strong> regent\u00f3 la Orden desde 1741 hasta 1773, <strong>introdujo modificaciones relevantes intercambiando el uso del zecchino<\/strong>, \u00faltimo en acu\u00f1ar este tipo de moneda, por el escudo, con valores de hasta veinte unidades y cuya equivalencia era de un luis de oro por cada diez escudos. En el campo tipol\u00f3gico se impone la figura de San Juan, en reemplazo del retrato, que solo aparece en algunos a\u00f1os de forma marginal. Si se utiliz\u00f3 en el caso de la plata, adem\u00e1s de la figura de San Juan, y se acu\u00f1aron grandes valores de hasta treinta taris.<\/p>\n<p><img decoding=\"async\" class=\"aligncenter size-full wp-image-1627 lazyload\" data-src=\"http:\/\/mayor25.com\/noticias\/wp-content\/uploads\/Monedas-de-Oro-Orden-de-Malta.jpg\" alt=\"\" width=\"489\" height=\"448\" data-srcset=\"https:\/\/mayor25.com\/noticias\/wp-content\/uploads\/Monedas-de-Oro-Orden-de-Malta.jpg 489w, https:\/\/mayor25.com\/noticias\/wp-content\/uploads\/Monedas-de-Oro-Orden-de-Malta-300x275.jpg 300w, https:\/\/mayor25.com\/noticias\/wp-content\/uploads\/Monedas-de-Oro-Orden-de-Malta-450x412.jpg 450w\" data-sizes=\"(max-width: 489px) 100vw, 489px\" src=\"data:image\/svg+xml;base64,PHN2ZyB3aWR0aD0iMSIgaGVpZ2h0PSIxIiB4bWxucz0iaHR0cDovL3d3dy53My5vcmcvMjAwMC9zdmciPjwvc3ZnPg==\" style=\"--smush-placeholder-width: 489px; --smush-placeholder-aspect-ratio: 489\/448;\" \/><\/p>\n<p><img decoding=\"async\" class=\"aligncenter size-full wp-image-1628 lazyload\" data-src=\"http:\/\/mayor25.com\/noticias\/wp-content\/uploads\/Monedas-San-Juan-Orden-de-Malta.jpg\" alt=\"\" width=\"507\" height=\"483\" data-srcset=\"https:\/\/mayor25.com\/noticias\/wp-content\/uploads\/Monedas-San-Juan-Orden-de-Malta.jpg 507w, https:\/\/mayor25.com\/noticias\/wp-content\/uploads\/Monedas-San-Juan-Orden-de-Malta-300x286.jpg 300w, https:\/\/mayor25.com\/noticias\/wp-content\/uploads\/Monedas-San-Juan-Orden-de-Malta-450x429.jpg 450w\" data-sizes=\"(max-width: 507px) 100vw, 507px\" src=\"data:image\/svg+xml;base64,PHN2ZyB3aWR0aD0iMSIgaGVpZ2h0PSIxIiB4bWxucz0iaHR0cDovL3d3dy53My5vcmcvMjAwMC9zdmciPjwvc3ZnPg==\" style=\"--smush-placeholder-width: 507px; --smush-placeholder-aspect-ratio: 507\/483;\" \/><\/p>\n<p>&nbsp;<\/p>\n<p><strong>Francisco Ximenes de Texada introdujo una variaci\u00f3n en la her\u00e1ldica<\/strong>, en las piezas de dos escudos las armas aparecen acoladas en el reverso bajo corona real y enmarcados por ramas de laurel y roble, s\u00edmbolos respectivos de victoria y fortaleza.<\/p>\n<p><img decoding=\"async\" class=\"aligncenter wp-image-1629 lazyload\" data-src=\"http:\/\/mayor25.com\/noticias\/wp-content\/uploads\/Monedas-Francisco-Ximenes-de-Texada.jpg\" alt=\"\" width=\"658\" height=\"301\" data-srcset=\"https:\/\/mayor25.com\/noticias\/wp-content\/uploads\/Monedas-Francisco-Ximenes-de-Texada.jpg 763w, https:\/\/mayor25.com\/noticias\/wp-content\/uploads\/Monedas-Francisco-Ximenes-de-Texada-300x137.jpg 300w, https:\/\/mayor25.com\/noticias\/wp-content\/uploads\/Monedas-Francisco-Ximenes-de-Texada-705x322.jpg 705w, https:\/\/mayor25.com\/noticias\/wp-content\/uploads\/Monedas-Francisco-Ximenes-de-Texada-450x206.jpg 450w\" data-sizes=\"(max-width: 658px) 100vw, 658px\" src=\"data:image\/svg+xml;base64,PHN2ZyB3aWR0aD0iMSIgaGVpZ2h0PSIxIiB4bWxucz0iaHR0cDovL3d3dy53My5vcmcvMjAwMC9zdmciPjwvc3ZnPg==\" style=\"--smush-placeholder-width: 658px; --smush-placeholder-aspect-ratio: 658\/301;\" \/><\/p>\n<p>&nbsp;<\/p>\n<p>El uso del doble escudo her\u00e1ldico se perpetua, sin estar estos acolados, hasta 1778, cuando el Gran Maestre Emmanuel de Rohan-Polduc desarrolla un escudo cuartelado conformado por el cuerpo de un \u00c1guila de San Antonio con corona real por cabeza.<strong> La adopci\u00f3n de este s\u00edmbolo surge a ra\u00edz de la uni\u00f3n de los Caballeros de San Antonio a la Orden de Malta.<\/strong><\/p>\n<p><img decoding=\"async\" class=\"aligncenter wp-image-1630 lazyload\" data-src=\"http:\/\/mayor25.com\/noticias\/wp-content\/uploads\/Monedas-Gran-Maestre-Emmanuel-de-Rohan-Polduc.jpg\" alt=\"\" width=\"541\" height=\"775\" data-srcset=\"https:\/\/mayor25.com\/noticias\/wp-content\/uploads\/Monedas-Gran-Maestre-Emmanuel-de-Rohan-Polduc.jpg 556w, https:\/\/mayor25.com\/noticias\/wp-content\/uploads\/Monedas-Gran-Maestre-Emmanuel-de-Rohan-Polduc-210x300.jpg 210w, https:\/\/mayor25.com\/noticias\/wp-content\/uploads\/Monedas-Gran-Maestre-Emmanuel-de-Rohan-Polduc-492x705.jpg 492w, https:\/\/mayor25.com\/noticias\/wp-content\/uploads\/Monedas-Gran-Maestre-Emmanuel-de-Rohan-Polduc-450x644.jpg 450w\" data-sizes=\"(max-width: 541px) 100vw, 541px\" src=\"data:image\/svg+xml;base64,PHN2ZyB3aWR0aD0iMSIgaGVpZ2h0PSIxIiB4bWxucz0iaHR0cDovL3d3dy53My5vcmcvMjAwMC9zdmciPjwvc3ZnPg==\" style=\"--smush-placeholder-width: 541px; --smush-placeholder-aspect-ratio: 541\/775;\" \/><\/p>\n<p>&nbsp;<\/p>\n<p>Esta misma iconograf\u00eda se reproduce tambi\u00e9n durante el periodo del Gran Maestre Ferdinand von Hompesch zu Bolheim, a partir de 1797, que emiti\u00f3 un modelo con reverso de \u00e1guila bic\u00e9fala coronada y con cuerpo en escudo de armas cuartelado.<\/p>\n<p><img decoding=\"async\" class=\"aligncenter wp-image-1631 lazyload\" data-src=\"http:\/\/mayor25.com\/noticias\/wp-content\/uploads\/Monedas-Gran-Maestre-Ferdinand-von-Hompesch-zu-Bolheim.jpg\" alt=\"\" width=\"627\" height=\"556\" data-srcset=\"https:\/\/mayor25.com\/noticias\/wp-content\/uploads\/Monedas-Gran-Maestre-Ferdinand-von-Hompesch-zu-Bolheim.jpg 666w, https:\/\/mayor25.com\/noticias\/wp-content\/uploads\/Monedas-Gran-Maestre-Ferdinand-von-Hompesch-zu-Bolheim-300x266.jpg 300w, https:\/\/mayor25.com\/noticias\/wp-content\/uploads\/Monedas-Gran-Maestre-Ferdinand-von-Hompesch-zu-Bolheim-450x399.jpg 450w\" data-sizes=\"(max-width: 627px) 100vw, 627px\" src=\"data:image\/svg+xml;base64,PHN2ZyB3aWR0aD0iMSIgaGVpZ2h0PSIxIiB4bWxucz0iaHR0cDovL3d3dy53My5vcmcvMjAwMC9zdmciPjwvc3ZnPg==\" style=\"--smush-placeholder-width: 627px; --smush-placeholder-aspect-ratio: 627\/556;\" \/><\/p>\n<p>&nbsp;<\/p>\n<p><strong>Todo soberano ha dotado de una fuerte carga propagand\u00edstica sus monedas<\/strong>, pues es uno de los mejores medios de difusi\u00f3n pol\u00edtica, contando en este caso, si cabe, con una mayor relevancia. En sus primeras etapas se emularon acu\u00f1aciones predominantes del momento, que reprodujeron con leves diferencias; Con el paso del tiempo desarrollaron una identidad propia, esculpiendo la iconograf\u00eda de la Orden y la de sus dirigentes. <strong>Las piezas aparecidas a partir del siglo XVIII presentan la madurez propia de sistemas monetarios asentados y de relevancia,<\/strong> dotando a \u00e9stas de un especial valor. La numism\u00e1tica hospitalaria resulta excepcional y sus acu\u00f1aciones, escasas en comparaci\u00f3n a las de otros emisores, tienen una demanda especial en el mundo del <a href=\"https:\/\/mayor25.com\/\">coleccionismo de la moneda.<\/a><\/p>\n<p><img decoding=\"async\" class=\"aligncenter size-full wp-image-1632 lazyload\" data-src=\"http:\/\/mayor25.com\/noticias\/wp-content\/uploads\/Coleccionismo-Monedas-Malta-Numismatica.png\" alt=\"\" width=\"593\" height=\"237\" data-srcset=\"https:\/\/mayor25.com\/noticias\/wp-content\/uploads\/Coleccionismo-Monedas-Malta-Numismatica.png 593w, https:\/\/mayor25.com\/noticias\/wp-content\/uploads\/Coleccionismo-Monedas-Malta-Numismatica-300x120.png 300w, https:\/\/mayor25.com\/noticias\/wp-content\/uploads\/Coleccionismo-Monedas-Malta-Numismatica-450x180.png 450w\" data-sizes=\"(max-width: 593px) 100vw, 593px\" src=\"data:image\/svg+xml;base64,PHN2ZyB3aWR0aD0iMSIgaGVpZ2h0PSIxIiB4bWxucz0iaHR0cDovL3d3dy53My5vcmcvMjAwMC9zdmciPjwvc3ZnPg==\" style=\"--smush-placeholder-width: 593px; --smush-placeholder-aspect-ratio: 593\/237;\" \/> <img decoding=\"async\" class=\"aligncenter size-full wp-image-1633 lazyload\" data-src=\"http:\/\/mayor25.com\/noticias\/wp-content\/uploads\/Coleccionismo-Monedas-Malta.jpg\" alt=\"\" width=\"490\" height=\"240\" data-srcset=\"https:\/\/mayor25.com\/noticias\/wp-content\/uploads\/Coleccionismo-Monedas-Malta.jpg 490w, https:\/\/mayor25.com\/noticias\/wp-content\/uploads\/Coleccionismo-Monedas-Malta-300x147.jpg 300w, https:\/\/mayor25.com\/noticias\/wp-content\/uploads\/Coleccionismo-Monedas-Malta-450x220.jpg 450w\" data-sizes=\"(max-width: 490px) 100vw, 490px\" src=\"data:image\/svg+xml;base64,PHN2ZyB3aWR0aD0iMSIgaGVpZ2h0PSIxIiB4bWxucz0iaHR0cDovL3d3dy53My5vcmcvMjAwMC9zdmciPjwvc3ZnPg==\" style=\"--smush-placeholder-width: 490px; --smush-placeholder-aspect-ratio: 490\/240;\" \/><\/p>\n<p>&nbsp;<\/p>\n<p>El fin de la centuria trajo por desgracia el cese de las acu\u00f1aciones en la isla, marcando un punto y aparte en la historia monetaria de los caballeros. En 1798, movidos por las Guerras Revolucionarias Francesas, las tropas de Napole\u00f3n Bonaparte desembarcan en Malta; La convulsi\u00f3n durante la toma de la isla desestructur\u00f3 la Orden y supuso el fin de sus emisiones, que no se recuperar\u00edan, y de forma conmemorativa, hasta 1961, a\u00f1o en que el<strong> Papa Juan XXIII<\/strong> aprobar\u00eda la carta constitucional de la Orden, devolvi\u00e9ndole as\u00ed su regal\u00eda de acu\u00f1aci\u00f3n y abriendo paso a un periodo renovado para la actual <strong>Soberana Orden Militar y Hospitalaria de San Juan de Jerusal\u00e9n de Rodas y de Malta.<\/strong><\/p>\n<p><img decoding=\"async\" class=\"aligncenter wp-image-1634 lazyload\" data-src=\"http:\/\/mayor25.com\/noticias\/wp-content\/uploads\/Orden-Malta-Monedas-Numismatica-Madrid.jpg\" alt=\"\" width=\"287\" height=\"302\" data-srcset=\"https:\/\/mayor25.com\/noticias\/wp-content\/uploads\/Orden-Malta-Monedas-Numismatica-Madrid.jpg 562w, https:\/\/mayor25.com\/noticias\/wp-content\/uploads\/Orden-Malta-Monedas-Numismatica-Madrid-285x300.jpg 285w, https:\/\/mayor25.com\/noticias\/wp-content\/uploads\/Orden-Malta-Monedas-Numismatica-Madrid-450x474.jpg 450w\" data-sizes=\"(max-width: 287px) 100vw, 287px\" src=\"data:image\/svg+xml;base64,PHN2ZyB3aWR0aD0iMSIgaGVpZ2h0PSIxIiB4bWxucz0iaHR0cDovL3d3dy53My5vcmcvMjAwMC9zdmciPjwvc3ZnPg==\" style=\"--smush-placeholder-width: 287px; --smush-placeholder-aspect-ratio: 287\/302;\" \/><\/p>\n<p>&nbsp;<\/p>\n<div id=\"meta\" class=\"style-scope ytd-watch-flexy\">\n<div id=\"meta-contents\" class=\"style-scope ytd-watch-flexy\">\n<div id=\"container\" class=\"style-scope ytd-video-secondary-info-renderer\">\n<div id=\"content\" class=\"style-scope ytd-expander\">\n<div id=\"description\" class=\"style-scope ytd-video-secondary-info-renderer\"><span class=\"style-scope yt-formatted-string\" dir=\"auto\">Por \u00faltimo, les recordamos que en<strong> Numism\u00e1tica Mayor 25 compramos y vendemos todo tipo de monedas numism\u00e1ticas y monedas de oro<\/strong>, bien sean de inversi\u00f3n o de colecci\u00f3n y que estaremos encantados de valorarle aquellas monedas de oro que est\u00e9n pensando en vender. \u00a1No duden en contactarnos! Recuerden que nuestras tasaciones las hacemos aqu\u00ed en nuestra tienda de la calle Mayor y que son totalmente gratuitas. \u00a1Hasta la pr\u00f3xima!<\/span><\/div>\n<\/div>\n<\/div>\n<\/div>\n<\/div>\n","protected":false},"excerpt":{"rendered":"<p>La Orden de Malta cuenta con m\u00e1s de novecientos a\u00f1os de historia, tan complicados como interesantes, ha cambiado de nombre y localizaci\u00f3n pero sin abandonar nunca su fin como promotora de la Gloria divina y la ayuda al pr\u00f3jimo. La acu\u00f1aci\u00f3n de moneda por este tipo de entidades militares resulta peculiar, pues no cuentan con [&hellip;]<\/p>\n","protected":false},"author":2,"featured_media":1635,"comment_status":"closed","ping_status":"open","sticky":false,"template":"","format":"standard","meta":{"footnotes":""},"categories":[3],"tags":[],"class_list":["post-1596","post","type-post","status-publish","format-standard","has-post-thumbnail","hentry","category-historia-numismatica"],"yoast_head":"<!-- This site is optimized with the Yoast SEO plugin v27.5 - https:\/\/yoast.com\/product\/yoast-seo-wordpress\/ -->\n<title>Las Acu\u00f1aciones de La Orden de Malta | Numism\u00e1tica Mayor 25<\/title>\n<meta name=\"description\" content=\"La acu\u00f1aci\u00f3n de moneda por este tipo de entidades militares resulta bastante peculiar... \u00bfTe gustar\u00eda conocerlas? Accede ahora a Mayor 25.\" \/>\n<meta name=\"robots\" content=\"index, follow, max-snippet:-1, max-image-preview:large, max-video-preview:-1\" \/>\n<link rel=\"canonical\" href=\"https:\/\/mayor25.com\/noticias\/acunaciones-orden-malta\/\" \/>\n<meta property=\"og:locale\" content=\"es_ES\" \/>\n<meta property=\"og:type\" content=\"article\" \/>\n<meta property=\"og:title\" content=\"Las Acu\u00f1aciones de La Orden de Malta | Numism\u00e1tica Mayor 25\" \/>\n<meta property=\"og:description\" content=\"La acu\u00f1aci\u00f3n de moneda por este tipo de entidades militares resulta bastante peculiar... \u00bfTe gustar\u00eda conocerlas? Accede ahora a Mayor 25.\" \/>\n<meta property=\"og:url\" content=\"https:\/\/mayor25.com\/noticias\/acunaciones-orden-malta\/\" \/>\n<meta property=\"og:site_name\" content=\"Noticias Numism\u00e1ticas - Tienda Mayor 25\" \/>\n<meta property=\"article:published_time\" content=\"2021-11-03T17:23:54+00:00\" \/>\n<meta property=\"article:modified_time\" content=\"2026-03-24T11:17:19+00:00\" \/>\n<meta property=\"og:image\" content=\"http:\/\/mayor25.com\/noticias\/wp-content\/uploads\/Principales-Monedas-Orden-de-Malta.jpg\" \/>\n\t<meta property=\"og:image:width\" content=\"500\" \/>\n\t<meta property=\"og:image:height\" content=\"449\" \/>\n\t<meta property=\"og:image:type\" content=\"image\/jpeg\" \/>\n<meta name=\"author\" content=\"Numism\u00e1tica Mayor 25\" \/>\n<meta name=\"twitter:card\" content=\"summary_large_image\" \/>\n<meta name=\"twitter:label1\" content=\"Escrito por\" \/>\n\t<meta name=\"twitter:data1\" content=\"Numism\u00e1tica Mayor 25\" \/>\n\t<meta name=\"twitter:label2\" content=\"Tiempo de lectura\" \/>\n\t<meta name=\"twitter:data2\" content=\"18 minutos\" \/>\n<script type=\"application\/ld+json\" class=\"yoast-schema-graph\">{\"@context\":\"https:\\\/\\\/schema.org\",\"@graph\":[{\"@type\":\"Article\",\"@id\":\"https:\\\/\\\/mayor25.com\\\/noticias\\\/acunaciones-orden-malta\\\/#article\",\"isPartOf\":{\"@id\":\"https:\\\/\\\/mayor25.com\\\/noticias\\\/acunaciones-orden-malta\\\/\"},\"author\":{\"name\":\"Numism\u00e1tica Mayor 25\",\"@id\":\"https:\\\/\\\/mayor25.com\\\/noticias\\\/#\\\/schema\\\/person\\\/70210fffbc6c73f76adf074e9d35db05\"},\"headline\":\"Las Acu\u00f1aciones de La Orden de Malta\",\"datePublished\":\"2021-11-03T17:23:54+00:00\",\"dateModified\":\"2026-03-24T11:17:19+00:00\",\"mainEntityOfPage\":{\"@id\":\"https:\\\/\\\/mayor25.com\\\/noticias\\\/acunaciones-orden-malta\\\/\"},\"wordCount\":2755,\"image\":{\"@id\":\"https:\\\/\\\/mayor25.com\\\/noticias\\\/acunaciones-orden-malta\\\/#primaryimage\"},\"thumbnailUrl\":\"https:\\\/\\\/mayor25.com\\\/noticias\\\/wp-content\\\/uploads\\\/Principales-Monedas-Orden-de-Malta.jpg\",\"articleSection\":[\"Historia y Numism\u00e1tica\"],\"inLanguage\":\"es\"},{\"@type\":\"WebPage\",\"@id\":\"https:\\\/\\\/mayor25.com\\\/noticias\\\/acunaciones-orden-malta\\\/\",\"url\":\"https:\\\/\\\/mayor25.com\\\/noticias\\\/acunaciones-orden-malta\\\/\",\"name\":\"Las Acu\u00f1aciones de La Orden de Malta | Numism\u00e1tica Mayor 25\",\"isPartOf\":{\"@id\":\"https:\\\/\\\/mayor25.com\\\/noticias\\\/#website\"},\"primaryImageOfPage\":{\"@id\":\"https:\\\/\\\/mayor25.com\\\/noticias\\\/acunaciones-orden-malta\\\/#primaryimage\"},\"image\":{\"@id\":\"https:\\\/\\\/mayor25.com\\\/noticias\\\/acunaciones-orden-malta\\\/#primaryimage\"},\"thumbnailUrl\":\"https:\\\/\\\/mayor25.com\\\/noticias\\\/wp-content\\\/uploads\\\/Principales-Monedas-Orden-de-Malta.jpg\",\"datePublished\":\"2021-11-03T17:23:54+00:00\",\"dateModified\":\"2026-03-24T11:17:19+00:00\",\"author\":{\"@id\":\"https:\\\/\\\/mayor25.com\\\/noticias\\\/#\\\/schema\\\/person\\\/70210fffbc6c73f76adf074e9d35db05\"},\"description\":\"La acu\u00f1aci\u00f3n de moneda por este tipo de entidades militares resulta bastante peculiar... \u00bfTe gustar\u00eda conocerlas? Accede ahora a Mayor 25.\",\"breadcrumb\":{\"@id\":\"https:\\\/\\\/mayor25.com\\\/noticias\\\/acunaciones-orden-malta\\\/#breadcrumb\"},\"inLanguage\":\"es\",\"potentialAction\":[{\"@type\":\"ReadAction\",\"target\":[\"https:\\\/\\\/mayor25.com\\\/noticias\\\/acunaciones-orden-malta\\\/\"]}]},{\"@type\":\"ImageObject\",\"inLanguage\":\"es\",\"@id\":\"https:\\\/\\\/mayor25.com\\\/noticias\\\/acunaciones-orden-malta\\\/#primaryimage\",\"url\":\"https:\\\/\\\/mayor25.com\\\/noticias\\\/wp-content\\\/uploads\\\/Principales-Monedas-Orden-de-Malta.jpg\",\"contentUrl\":\"https:\\\/\\\/mayor25.com\\\/noticias\\\/wp-content\\\/uploads\\\/Principales-Monedas-Orden-de-Malta.jpg\",\"width\":500,\"height\":449},{\"@type\":\"BreadcrumbList\",\"@id\":\"https:\\\/\\\/mayor25.com\\\/noticias\\\/acunaciones-orden-malta\\\/#breadcrumb\",\"itemListElement\":[{\"@type\":\"ListItem\",\"position\":1,\"name\":\"Portada\",\"item\":\"https:\\\/\\\/mayor25.com\\\/noticias\\\/\"},{\"@type\":\"ListItem\",\"position\":2,\"name\":\"Las Acu\u00f1aciones de La Orden de Malta\"}]},{\"@type\":\"WebSite\",\"@id\":\"https:\\\/\\\/mayor25.com\\\/noticias\\\/#website\",\"url\":\"https:\\\/\\\/mayor25.com\\\/noticias\\\/\",\"name\":\"Noticias Numism\u00e1ticas - Tienda Mayor 25\",\"description\":\"Tienda Numism\u00e1tica en Madrid\",\"potentialAction\":[{\"@type\":\"SearchAction\",\"target\":{\"@type\":\"EntryPoint\",\"urlTemplate\":\"https:\\\/\\\/mayor25.com\\\/noticias\\\/?s={search_term_string}\"},\"query-input\":{\"@type\":\"PropertyValueSpecification\",\"valueRequired\":true,\"valueName\":\"search_term_string\"}}],\"inLanguage\":\"es\"},{\"@type\":\"Person\",\"@id\":\"https:\\\/\\\/mayor25.com\\\/noticias\\\/#\\\/schema\\\/person\\\/70210fffbc6c73f76adf074e9d35db05\",\"name\":\"Numism\u00e1tica Mayor 25\",\"image\":{\"@type\":\"ImageObject\",\"inLanguage\":\"es\",\"@id\":\"https:\\\/\\\/secure.gravatar.com\\\/avatar\\\/604b41163859278eacd7e05c6a3bef95b7d1c2b94d03c8aa1e99c906adde8c2c?s=96&d=mm&r=g\",\"url\":\"https:\\\/\\\/secure.gravatar.com\\\/avatar\\\/604b41163859278eacd7e05c6a3bef95b7d1c2b94d03c8aa1e99c906adde8c2c?s=96&d=mm&r=g\",\"contentUrl\":\"https:\\\/\\\/secure.gravatar.com\\\/avatar\\\/604b41163859278eacd7e05c6a3bef95b7d1c2b94d03c8aa1e99c906adde8c2c?s=96&d=mm&r=g\",\"caption\":\"Numism\u00e1tica Mayor 25\"},\"url\":\"https:\\\/\\\/mayor25.com\\\/noticias\\\/author\\\/adminmayor25\\\/\"}]}<\/script>\n<!-- \/ Yoast SEO plugin. -->","yoast_head_json":{"title":"Las Acu\u00f1aciones de La Orden de Malta | Numism\u00e1tica Mayor 25","description":"La acu\u00f1aci\u00f3n de moneda por este tipo de entidades militares resulta bastante peculiar... \u00bfTe gustar\u00eda conocerlas? Accede ahora a Mayor 25.","robots":{"index":"index","follow":"follow","max-snippet":"max-snippet:-1","max-image-preview":"max-image-preview:large","max-video-preview":"max-video-preview:-1"},"canonical":"https:\/\/mayor25.com\/noticias\/acunaciones-orden-malta\/","og_locale":"es_ES","og_type":"article","og_title":"Las Acu\u00f1aciones de La Orden de Malta | Numism\u00e1tica Mayor 25","og_description":"La acu\u00f1aci\u00f3n de moneda por este tipo de entidades militares resulta bastante peculiar... \u00bfTe gustar\u00eda conocerlas? Accede ahora a Mayor 25.","og_url":"https:\/\/mayor25.com\/noticias\/acunaciones-orden-malta\/","og_site_name":"Noticias Numism\u00e1ticas - Tienda Mayor 25","article_published_time":"2021-11-03T17:23:54+00:00","article_modified_time":"2026-03-24T11:17:19+00:00","og_image":[{"width":500,"height":449,"url":"http:\/\/mayor25.com\/noticias\/wp-content\/uploads\/Principales-Monedas-Orden-de-Malta.jpg","type":"image\/jpeg"}],"author":"Numism\u00e1tica Mayor 25","twitter_card":"summary_large_image","twitter_misc":{"Escrito por":"Numism\u00e1tica Mayor 25","Tiempo de lectura":"18 minutos"},"schema":{"@context":"https:\/\/schema.org","@graph":[{"@type":"Article","@id":"https:\/\/mayor25.com\/noticias\/acunaciones-orden-malta\/#article","isPartOf":{"@id":"https:\/\/mayor25.com\/noticias\/acunaciones-orden-malta\/"},"author":{"name":"Numism\u00e1tica Mayor 25","@id":"https:\/\/mayor25.com\/noticias\/#\/schema\/person\/70210fffbc6c73f76adf074e9d35db05"},"headline":"Las Acu\u00f1aciones de La Orden de Malta","datePublished":"2021-11-03T17:23:54+00:00","dateModified":"2026-03-24T11:17:19+00:00","mainEntityOfPage":{"@id":"https:\/\/mayor25.com\/noticias\/acunaciones-orden-malta\/"},"wordCount":2755,"image":{"@id":"https:\/\/mayor25.com\/noticias\/acunaciones-orden-malta\/#primaryimage"},"thumbnailUrl":"https:\/\/mayor25.com\/noticias\/wp-content\/uploads\/Principales-Monedas-Orden-de-Malta.jpg","articleSection":["Historia y Numism\u00e1tica"],"inLanguage":"es"},{"@type":"WebPage","@id":"https:\/\/mayor25.com\/noticias\/acunaciones-orden-malta\/","url":"https:\/\/mayor25.com\/noticias\/acunaciones-orden-malta\/","name":"Las Acu\u00f1aciones de La Orden de Malta | Numism\u00e1tica Mayor 25","isPartOf":{"@id":"https:\/\/mayor25.com\/noticias\/#website"},"primaryImageOfPage":{"@id":"https:\/\/mayor25.com\/noticias\/acunaciones-orden-malta\/#primaryimage"},"image":{"@id":"https:\/\/mayor25.com\/noticias\/acunaciones-orden-malta\/#primaryimage"},"thumbnailUrl":"https:\/\/mayor25.com\/noticias\/wp-content\/uploads\/Principales-Monedas-Orden-de-Malta.jpg","datePublished":"2021-11-03T17:23:54+00:00","dateModified":"2026-03-24T11:17:19+00:00","author":{"@id":"https:\/\/mayor25.com\/noticias\/#\/schema\/person\/70210fffbc6c73f76adf074e9d35db05"},"description":"La acu\u00f1aci\u00f3n de moneda por este tipo de entidades militares resulta bastante peculiar... \u00bfTe gustar\u00eda conocerlas? Accede ahora a Mayor 25.","breadcrumb":{"@id":"https:\/\/mayor25.com\/noticias\/acunaciones-orden-malta\/#breadcrumb"},"inLanguage":"es","potentialAction":[{"@type":"ReadAction","target":["https:\/\/mayor25.com\/noticias\/acunaciones-orden-malta\/"]}]},{"@type":"ImageObject","inLanguage":"es","@id":"https:\/\/mayor25.com\/noticias\/acunaciones-orden-malta\/#primaryimage","url":"https:\/\/mayor25.com\/noticias\/wp-content\/uploads\/Principales-Monedas-Orden-de-Malta.jpg","contentUrl":"https:\/\/mayor25.com\/noticias\/wp-content\/uploads\/Principales-Monedas-Orden-de-Malta.jpg","width":500,"height":449},{"@type":"BreadcrumbList","@id":"https:\/\/mayor25.com\/noticias\/acunaciones-orden-malta\/#breadcrumb","itemListElement":[{"@type":"ListItem","position":1,"name":"Portada","item":"https:\/\/mayor25.com\/noticias\/"},{"@type":"ListItem","position":2,"name":"Las Acu\u00f1aciones de La Orden de Malta"}]},{"@type":"WebSite","@id":"https:\/\/mayor25.com\/noticias\/#website","url":"https:\/\/mayor25.com\/noticias\/","name":"Noticias Numism\u00e1ticas - Tienda Mayor 25","description":"Tienda Numism\u00e1tica en Madrid","potentialAction":[{"@type":"SearchAction","target":{"@type":"EntryPoint","urlTemplate":"https:\/\/mayor25.com\/noticias\/?s={search_term_string}"},"query-input":{"@type":"PropertyValueSpecification","valueRequired":true,"valueName":"search_term_string"}}],"inLanguage":"es"},{"@type":"Person","@id":"https:\/\/mayor25.com\/noticias\/#\/schema\/person\/70210fffbc6c73f76adf074e9d35db05","name":"Numism\u00e1tica Mayor 25","image":{"@type":"ImageObject","inLanguage":"es","@id":"https:\/\/secure.gravatar.com\/avatar\/604b41163859278eacd7e05c6a3bef95b7d1c2b94d03c8aa1e99c906adde8c2c?s=96&d=mm&r=g","url":"https:\/\/secure.gravatar.com\/avatar\/604b41163859278eacd7e05c6a3bef95b7d1c2b94d03c8aa1e99c906adde8c2c?s=96&d=mm&r=g","contentUrl":"https:\/\/secure.gravatar.com\/avatar\/604b41163859278eacd7e05c6a3bef95b7d1c2b94d03c8aa1e99c906adde8c2c?s=96&d=mm&r=g","caption":"Numism\u00e1tica Mayor 25"},"url":"https:\/\/mayor25.com\/noticias\/author\/adminmayor25\/"}]}},"_links":{"self":[{"href":"https:\/\/mayor25.com\/noticias\/wp-json\/wp\/v2\/posts\/1596","targetHints":{"allow":["GET"]}}],"collection":[{"href":"https:\/\/mayor25.com\/noticias\/wp-json\/wp\/v2\/posts"}],"about":[{"href":"https:\/\/mayor25.com\/noticias\/wp-json\/wp\/v2\/types\/post"}],"author":[{"embeddable":true,"href":"https:\/\/mayor25.com\/noticias\/wp-json\/wp\/v2\/users\/2"}],"replies":[{"embeddable":true,"href":"https:\/\/mayor25.com\/noticias\/wp-json\/wp\/v2\/comments?post=1596"}],"version-history":[{"count":8,"href":"https:\/\/mayor25.com\/noticias\/wp-json\/wp\/v2\/posts\/1596\/revisions"}],"predecessor-version":[{"id":1638,"href":"https:\/\/mayor25.com\/noticias\/wp-json\/wp\/v2\/posts\/1596\/revisions\/1638"}],"wp:featuredmedia":[{"embeddable":true,"href":"https:\/\/mayor25.com\/noticias\/wp-json\/wp\/v2\/media\/1635"}],"wp:attachment":[{"href":"https:\/\/mayor25.com\/noticias\/wp-json\/wp\/v2\/media?parent=1596"}],"wp:term":[{"taxonomy":"category","embeddable":true,"href":"https:\/\/mayor25.com\/noticias\/wp-json\/wp\/v2\/categories?post=1596"},{"taxonomy":"post_tag","embeddable":true,"href":"https:\/\/mayor25.com\/noticias\/wp-json\/wp\/v2\/tags?post=1596"}],"curies":[{"name":"wp","href":"https:\/\/api.w.org\/{rel}","templated":true}]}}